{"id":9425,"date":"2026-04-30T20:33:29","date_gmt":"2026-04-30T23:33:29","guid":{"rendered":"https:\/\/elpueblonoticia.com.ar\/web\/?p=9425"},"modified":"2026-04-30T20:36:54","modified_gmt":"2026-04-30T23:36:54","slug":"incertidumbre-laboral-choferes-de-la-empresa-tic-y-minibus-buscaria-evitar-indemnizaciones-legales","status":"publish","type":"post","link":"https:\/\/elpueblonoticia.com.ar\/web\/2026\/04\/30\/incertidumbre-laboral-choferes-de-la-empresa-tic-y-minibus-buscaria-evitar-indemnizaciones-legales\/","title":{"rendered":"Incertidumbre laboral:  Choferes de la empresa TIC y Minib\u00fas buscar\u00eda evitar indemnizaciones legales"},"content":{"rendered":"<p><strong>Interes general<\/strong><\/p>\n<p>Viernes 30 de Abril de 2026<\/p>\n<div class=\"xdj266r x14z9mp xat24cr x1lziwak x1vvkbs x126k92a\">\n<div dir=\"auto\"><\/div>\n<\/div>\n<div class=\"x14z9mp xat24cr x1lziwak x1vvkbs xtlvy1s x126k92a\">\n<div dir=\"auto\">En una labor conjunta entre el corresponsal Javier Rol\u00f3n &#8221; El Pueblo Noticias &#8221; y Contenidos Libres , se ha tomado conocimiento de una situaci\u00f3n de extrema incertidumbre que afecta a diez choferes de las empresas TIC y Minib\u00fas. Seg\u00fan la informaci\u00f3n obtenida, la patronal habr\u00eda comunicado de manera verbal la intenci\u00f3n de reducir personal, argumentando que esta medida es la \u00fanica v\u00eda para &#8220;salvar a la empresa&#8221; ante la crisis econ\u00f3mica actual.<\/div>\n<div dir=\"auto\"><\/div>\n<\/div>\n<div class=\"x14z9mp xat24cr x1lziwak x1vvkbs xtlvy1s x126k92a\">\n<div dir=\"auto\">Sin embargo, la maniobra que se intenta implementar genera una fuerte preocupaci\u00f3n legal. La firma evitar\u00eda el env\u00edo de las cartas documento de despido, instando en su lugar a que los trabajadores presenten la renuncia voluntaria bajo la promesa de supuestos &#8220;arreglos&#8221; econ\u00f3micos posteriores. Esta modalidad representa un riesgo cr\u00edtico para los empleados, ya que al renunciar pierden autom\u00e1ticamente el derecho a la indemnizaci\u00f3n por ley y quedan inhabilitados para gestionar el Fondo de Desempleo de la ANSES, beneficio que garantiza un sustento por un a\u00f1o en casos de despido directo.<\/div>\n<div dir=\"auto\"><\/div>\n<\/div>\n<div class=\"x14z9mp xat24cr x1lziwak x1vvkbs xtlvy1s x126k92a\">\n<div dir=\"auto\">La gravedad del hecho se acent\u00faa al considerar que entre los afectados se encuentra personal con hasta 20 a\u00f1os de antig\u00fcedad, quienes quedar\u00edan desprotegidos tras dos d\u00e9cadas de servicio. A esto se sumar\u00edan irregularidades previas detectadas en la investigaci\u00f3n, como una supuesta deuda de 8 meses en aportes a la AFIP y la falta de cobertura de obra social desde hace 2 a\u00f1os.<\/div>\n<div dir=\"auto\"><\/div>\n<\/div>\n<div class=\"x14z9mp xat24cr x1lziwak x1vvkbs xtlvy1s x126k92a\">\n<div dir=\"auto\">Ante la falta de una notificaci\u00f3n oficial por escrito, se espera que el pr\u00f3ximo lunes se inicien las actuaciones legales correspondientes para que la empresa aclare formalmente la situaci\u00f3n de cada trabajador y se garantice el cumplimiento de la ley laboral vigente.<\/div>\n<\/div>\n","protected":false},"excerpt":{"rendered":"<p>Interes general Viernes 30 de Abril de 2026 En una labor conjunta entre el corresponsal Javier Rol\u00f3n &#8221; El Pueblo Noticias &#8221; y Contenidos Libres , se ha tomado conocimiento de una situaci\u00f3n de extrema incertidumbre que afecta a diez choferes de las empresas TIC y Minib\u00fas. Seg\u00fan la informaci\u00f3n obtenida, la patronal habr\u00eda comunicado [&hellip;]<\/p>\n","protected":false},"author":2,"featured_media":9428,"comment_status":"open","ping_status":"open","sticky":false,"template":"","format":"standard","meta":{"footnotes":""},"categories":[77],"tags":[],"class_list":{"0":"post-9425","1":"post","2":"type-post","3":"status-publish","4":"format-standard","5":"has-post-thumbnail","7":"category-paso-de-los-libres"},"_links":{"self":[{"href":"https:\/\/elpueblonoticia.com.ar\/web\/wp-json\/wp\/v2\/posts\/9425","targetHints":{"allow":["GET"]}}],"collection":[{"href":"https:\/\/elpueblonoticia.com.ar\/web\/wp-json\/wp\/v2\/posts"}],"about":[{"href":"https:\/\/elpueblonoticia.com.ar\/web\/wp-json\/wp\/v2\/types\/post"}],"author":[{"embeddable":true,"href":"https:\/\/elpueblonoticia.com.ar\/web\/wp-json\/wp\/v2\/users\/2"}],"replies":[{"embeddable":true,"href":"https:\/\/elpueblonoticia.com.ar\/web\/wp-json\/wp\/v2\/comments?post=9425"}],"version-history":[{"count":1,"href":"https:\/\/elpueblonoticia.com.ar\/web\/wp-json\/wp\/v2\/posts\/9425\/revisions"}],"predecessor-version":[{"id":9427,"href":"https:\/\/elpueblonoticia.com.ar\/web\/wp-json\/wp\/v2\/posts\/9425\/revisions\/9427"}],"wp:featuredmedia":[{"embeddable":true,"href":"https:\/\/elpueblonoticia.com.ar\/web\/wp-json\/wp\/v2\/media\/9428"}],"wp:attachment":[{"href":"https:\/\/elpueblonoticia.com.ar\/web\/wp-json\/wp\/v2\/media?parent=9425"}],"wp:term":[{"taxonomy":"category","embeddable":true,"href":"https:\/\/elpueblonoticia.com.ar\/web\/wp-json\/wp\/v2\/categories?post=9425"},{"taxonomy":"post_tag","embeddable":true,"href":"https:\/\/elpueblonoticia.com.ar\/web\/wp-json\/wp\/v2\/tags?post=9425"}],"curies":[{"name":"wp","href":"https:\/\/api.w.org\/{rel}","templated":true}]}}