{"id":9411,"date":"2026-04-29T09:36:17","date_gmt":"2026-04-29T12:36:17","guid":{"rendered":"https:\/\/elpueblonoticia.com.ar\/web\/?p=9411"},"modified":"2026-04-29T09:36:17","modified_gmt":"2026-04-29T12:36:17","slug":"javier-milei-moviliza-a-sus-ministros-legisladores-nacionales-y-provinciales-en-apoyo-a-manuel-adorni","status":"publish","type":"post","link":"https:\/\/elpueblonoticia.com.ar\/web\/2026\/04\/29\/javier-milei-moviliza-a-sus-ministros-legisladores-nacionales-y-provinciales-en-apoyo-a-manuel-adorni\/","title":{"rendered":"Javier Milei moviliza a sus ministros, legisladores nacionales y provinciales en apoyo a Manuel Adorni"},"content":{"rendered":"<div id=\"modalIntrotext\">\n<div>Los libertarios preparan una sesi\u00f3n inusual. Mueven el aparato en defensa del Jefe de Gabinete y aseguran hinchada propia en las gradas con la presencia del Presidente y su hermana en el balc\u00f3n principal.<\/div>\n<div><\/div>\n<div><\/div>\n<div>\n<section id=\"modalArticulo\" class=\"hidden\">\n<div class=\"contenido\">\n<div id=\"modalFulltext\">La Libertad Avanza se moviliza en defensa del jefe de Gabinete Manuel Adorni. Ma\u00f1ana el funcionario que tiene a su cargo la administraci\u00f3n del Estado se presentar\u00e1 a las 10:30 para brindar su primer informe de gesti\u00f3n en la C\u00e1mara de Diputados, y existe la posibilidad de que la imagen sea m\u00e1s parecida a la efervescencia de las aperturas de sesiones del 1 de marzo que a los extensos y tediosos informes de los Jefes de Gabinete.<\/p>\n<p>La sesi\u00f3n est\u00e1 citada para las 10:30 de la ma\u00f1ana; los diputados de LLA llegar\u00e1n bastante m\u00e1s temprano al Palacio Legislativo, ya que fueron llamados a una reuni\u00f3n de bloque a las 9 en el primer piso de la C\u00e1mara de Diputados, m\u00e1s precisamente, en el Sal\u00f3n de Honor ubicado a pocos metros de Pasos Perdidos y del ingreso al hemiciclo de la C\u00e1mara Baja. Ese lugar, que es generalmente ocupado por los asesores de los Jefes de Gabinete para ayudarlos a responder preguntas, podr\u00eda recibir la visita de funcionarios nacionales y de otros legisladores en la previa de la sesi\u00f3n.<\/p>\n<p>En esta ocasi\u00f3n, la atenci\u00f3n se va a centrar en los balcones del primer piso, ya que el presidente de la Naci\u00f3n, Javier Milei, anunci\u00f3 que estar\u00e1 presente junto a los ministros de su gabinete para \u201cescuchar\u201d al Jefe de Gabinete. Seg\u00fan confiaron a Infobae fuentes de la Casa Rosada, el Poder Ejecutivo asegura la presencia \u201cde la totalidad de los ministros\u201d. Por primera vez en la historia, este es el informe n\u00famero 145 que realiza un Jefe de Gabinete, ser\u00e1 con la presencia de un Presidente de la Naci\u00f3n y de todos sus ministros.<\/p>\n<p>Pero en los pasillos de la C\u00e1mara de Diputados se\u00f1alan que no ser\u00e1n los \u00fanicos que ocupar\u00e1n los balcones del recinto. \u201cLos balcones estar\u00e1n llenos de los nuestros. La idea es hacer un bloque defensivo de Adorni\u201d, explic\u00f3 una fuente palaciega.<\/p>\n<p>En los \u00faltimos d\u00edas se supo que la intenci\u00f3n del oficialismo es llevar militancia a la presentaci\u00f3n de Adorni. Desde la Presidencia de la C\u00e1mara les aseguraron a los diputados de la oposici\u00f3n que finalmente eso no iba a suceder. Sin embargo, los legisladores desconf\u00edan y le pidieron al titular de la C\u00e1mara, Mart\u00edn Menem, que tome todos los recaudos necesarios para preservar la institucionalidad del informe de gesti\u00f3n.<\/p>\n<p>Pero los que s\u00ed se sumar\u00e1n al Presidente, a su hermana y a la totalidad del gabinete son otros legisladores.<\/p>\n<p>Las conversaciones que se est\u00e1n llevando adelante muestran que ma\u00f1ana a la ma\u00f1ana los balcones del recinto de la C\u00e1mara de Diputados van a estar colmados por legisladores y funcionarios de La Libertad Avanza.<\/p>\n<p>Uno de los primeros en ocupar sus lugares ser\u00e1n los senadores nacionales del bloque de LLA. Ya varios confirmaron que asistir\u00e1n.<\/p>\n<p>Fuentes del bloque libertario de la C\u00e1mara Alta confirmaron que habr\u00e1 presencia de senadores en las gradas del primer piso. El pedido de asistencia lleg\u00f3 de Balcarce 50 y as\u00ed lo hizo saber a los miembros del bloque la titular del mismo, la ex ministra Patricia Bullrich.<\/p>\n<p>Pero, adem\u00e1s, habr\u00e1 lugar para diputados y senadores libertarios de la provincia de Buenos Aires que tambi\u00e9n recibieron la \u201cinvitaci\u00f3n\u201d de sumarse. As\u00ed como tambi\u00e9n concejales de LLA que dir\u00e1n presente \u201cen apoyo al Gobierno nacional\u201d, seg\u00fan confi\u00f3 una fuente al tanto de los movimientos.<\/p>\n<p>\u201cLa intenci\u00f3n de Milei es que todos vayan a apoyar a Adorni. Pero esto tambi\u00e9n significa que todos queden pegados con Adorni. \u00bfC\u00f3mo van a hacer los senadores para discutir Ficha Limpia si van a defender a un jefe de gabinete que est\u00e1 siendo investigado por enriquecimiento il\u00edcito?\u201c, se pregunt\u00f3 un diputado de la oposici\u00f3n<\/p>\n<p>En el oficialismo entienden que la sesi\u00f3n de ma\u00f1ana ser\u00e1 bisagra para lo que viene en el Congreso. Si Adorni sale bien parado acelerar\u00e1n con los proyectos que enviaron al Palacio Legislativo. Si no, buscar\u00e1n enfriar lo m\u00e1s que se pueda.<\/p>\n<p>Buscar\u00e1n acorralar al Jefe de Gabinete primero con la gesti\u00f3n y luego con su situaci\u00f3n personal adem\u00e1s de las otras causas contra funcionarios nacionales que est\u00e1n en la Justicia -Andis, $Libra, etc.- y seguir adelante con una estrategia de tres pasos que hoy se encuentra en el paso dos. El primero lo lograron y fue \u201climpiar\u201d la semana previa de posibles ruidos con otros temas, el segundo paso se ver\u00e1 ma\u00f1ana en el recinto en el reparto de las preguntas por temas y, el tercero, se pondr\u00e1 en marcha una vez que Adorni se retire y se levante la sesi\u00f3n.<\/p><\/div>\n<div>\n<div id=\"117986-4\"><\/div>\n<div id=\"117986-6\"><\/div>\n<div id=\"117986-3\"><\/div>\n<\/div>\n<\/div>\n<div class=\"modalRedes\"><\/div>\n<\/section>\n<div><\/div>\n<div id=\"albums\"><\/div>\n<\/div>\n<\/div>\n","protected":false},"excerpt":{"rendered":"<p>Los libertarios preparan una sesi\u00f3n inusual. Mueven el aparato en defensa del Jefe de Gabinete y aseguran hinchada propia en las gradas con la presencia del Presidente y su hermana en el balc\u00f3n principal. La Libertad Avanza se moviliza en defensa del jefe de Gabinete Manuel Adorni. Ma\u00f1ana el funcionario que tiene a su cargo [&hellip;]<\/p>\n","protected":false},"author":2,"featured_media":9412,"comment_status":"open","ping_status":"open","sticky":false,"template":"","format":"standard","meta":{"footnotes":""},"categories":[64],"tags":[],"class_list":{"0":"post-9411","1":"post","2":"type-post","3":"status-publish","4":"format-standard","5":"has-post-thumbnail","7":"category-nacionales"},"_links":{"self":[{"href":"https:\/\/elpueblonoticia.com.ar\/web\/wp-json\/wp\/v2\/posts\/9411","targetHints":{"allow":["GET"]}}],"collection":[{"href":"https:\/\/elpueblonoticia.com.ar\/web\/wp-json\/wp\/v2\/posts"}],"about":[{"href":"https:\/\/elpueblonoticia.com.ar\/web\/wp-json\/wp\/v2\/types\/post"}],"author":[{"embeddable":true,"href":"https:\/\/elpueblonoticia.com.ar\/web\/wp-json\/wp\/v2\/users\/2"}],"replies":[{"embeddable":true,"href":"https:\/\/elpueblonoticia.com.ar\/web\/wp-json\/wp\/v2\/comments?post=9411"}],"version-history":[{"count":1,"href":"https:\/\/elpueblonoticia.com.ar\/web\/wp-json\/wp\/v2\/posts\/9411\/revisions"}],"predecessor-version":[{"id":9413,"href":"https:\/\/elpueblonoticia.com.ar\/web\/wp-json\/wp\/v2\/posts\/9411\/revisions\/9413"}],"wp:featuredmedia":[{"embeddable":true,"href":"https:\/\/elpueblonoticia.com.ar\/web\/wp-json\/wp\/v2\/media\/9412"}],"wp:attachment":[{"href":"https:\/\/elpueblonoticia.com.ar\/web\/wp-json\/wp\/v2\/media?parent=9411"}],"wp:term":[{"taxonomy":"category","embeddable":true,"href":"https:\/\/elpueblonoticia.com.ar\/web\/wp-json\/wp\/v2\/categories?post=9411"},{"taxonomy":"post_tag","embeddable":true,"href":"https:\/\/elpueblonoticia.com.ar\/web\/wp-json\/wp\/v2\/tags?post=9411"}],"curies":[{"name":"wp","href":"https:\/\/api.w.org\/{rel}","templated":true}]}}