{"id":9406,"date":"2026-04-28T23:12:46","date_gmt":"2026-04-29T02:12:46","guid":{"rendered":"https:\/\/elpueblonoticia.com.ar\/web\/?p=9406"},"modified":"2026-04-28T23:19:33","modified_gmt":"2026-04-29T02:19:33","slug":"robaron-una-muebleria-en-el-loteo-del-palmar-el-hecho-ocurrio-el-lunes-y-habria-un-sospechoso-identificado","status":"publish","type":"post","link":"https:\/\/elpueblonoticia.com.ar\/web\/2026\/04\/28\/robaron-una-muebleria-en-el-loteo-del-palmar-el-hecho-ocurrio-el-lunes-y-habria-un-sospechoso-identificado\/","title":{"rendered":"ROBARON UNA MUEBLER\u00cdA EN EL LOTEO DEL PALMAR: EL HECHO OCURRI\u00d3 EL LUNES Y HABR\u00cdA UN SOSPECHOSO IDENTIFICADO"},"content":{"rendered":"<p><strong>POLICIALES <\/strong><\/p>\n<p>PASO DE LOS LIBRES<br \/>\nMartes 28 de abril de 2026<\/p>\n<p>Un robo se registr\u00f3 el lunes 27 de abril en un local comercial ubicado en el loteo del Palmar, en inmediaciones de la escuela de la zona. El il\u00edcito ocurri\u00f3 en una muebler\u00eda y tom\u00f3 estado p\u00fablico en las \u00faltimas horas.<\/p>\n<p>Los due\u00f1os del comercio difundieron el hecho a trav\u00e9s de redes sociales este martes, solicitando colaboraci\u00f3n de vecinos para dar con los responsables. \u201cSi tienen novedades avisen, los due\u00f1os del local est\u00e1n desesperados por encontrar a los due\u00f1os de lo ajeno\u201d, expresaron en un estado de WhatsApp que se viraliz\u00f3.<\/p>\n<p>De acuerdo a fuentes consultadas, uno de los presuntos autores ya estar\u00eda identificado. Personal de la Comisar\u00eda de jurisdicci\u00f3n trabaja en el caso, recabando testimonios y analizando c\u00e1maras de seguridad de la zona para establecer la mec\u00e1nica del hecho.<\/p>\n<p>Por el momento no trascendi\u00f3 el detalle de los elementos sustra\u00eddos ni el monto del perjuicio. La denuncia ya fue radicada y se iniciaron las actuaciones de rigor.<\/p>\n<p>Se solicita a vecinos que hayan observado movimientos sospechosos en inmediaciones de la escuela del Palmar durante la jornada del lunes, que aporten datos en la dependencia policial m\u00e1s cercana.<\/p>\n<p>Por : Javier A Rolon<\/p>\n<div style=\"width: 640px;\" class=\"wp-video\"><!--[if lt IE 9]><script>document.createElement('video');<\/script><![endif]-->\n<video class=\"wp-video-shortcode\" id=\"video-9406-1\" width=\"640\" height=\"362\" preload=\"metadata\" controls=\"controls\"><source type=\"video\/mp4\" src=\"https:\/\/elpueblonoticia.com.ar\/web\/wp-content\/uploads\/2026\/04\/WhatsApp-Video-2026-04-28-at-22.18.02.mp4?_=1\" \/><a href=\"https:\/\/elpueblonoticia.com.ar\/web\/wp-content\/uploads\/2026\/04\/WhatsApp-Video-2026-04-28-at-22.18.02.mp4\">https:\/\/elpueblonoticia.com.ar\/web\/wp-content\/uploads\/2026\/04\/WhatsApp-Video-2026-04-28-at-22.18.02.mp4<\/a><\/video><\/div>\n","protected":false},"excerpt":{"rendered":"<p>POLICIALES PASO DE LOS LIBRES Martes 28 de abril de 2026 Un robo se registr\u00f3 el lunes 27 de abril en un local comercial ubicado en el loteo del Palmar, en inmediaciones de la escuela de la zona. El il\u00edcito ocurri\u00f3 en una muebler\u00eda y tom\u00f3 estado p\u00fablico en las \u00faltimas horas. Los due\u00f1os del [&hellip;]<\/p>\n","protected":false},"author":2,"featured_media":9408,"comment_status":"open","ping_status":"open","sticky":false,"template":"","format":"standard","meta":{"footnotes":""},"categories":[77],"tags":[],"class_list":{"0":"post-9406","1":"post","2":"type-post","3":"status-publish","4":"format-standard","5":"has-post-thumbnail","7":"category-paso-de-los-libres"},"_links":{"self":[{"href":"https:\/\/elpueblonoticia.com.ar\/web\/wp-json\/wp\/v2\/posts\/9406","targetHints":{"allow":["GET"]}}],"collection":[{"href":"https:\/\/elpueblonoticia.com.ar\/web\/wp-json\/wp\/v2\/posts"}],"about":[{"href":"https:\/\/elpueblonoticia.com.ar\/web\/wp-json\/wp\/v2\/types\/post"}],"author":[{"embeddable":true,"href":"https:\/\/elpueblonoticia.com.ar\/web\/wp-json\/wp\/v2\/users\/2"}],"replies":[{"embeddable":true,"href":"https:\/\/elpueblonoticia.com.ar\/web\/wp-json\/wp\/v2\/comments?post=9406"}],"version-history":[{"count":2,"href":"https:\/\/elpueblonoticia.com.ar\/web\/wp-json\/wp\/v2\/posts\/9406\/revisions"}],"predecessor-version":[{"id":9410,"href":"https:\/\/elpueblonoticia.com.ar\/web\/wp-json\/wp\/v2\/posts\/9406\/revisions\/9410"}],"wp:featuredmedia":[{"embeddable":true,"href":"https:\/\/elpueblonoticia.com.ar\/web\/wp-json\/wp\/v2\/media\/9408"}],"wp:attachment":[{"href":"https:\/\/elpueblonoticia.com.ar\/web\/wp-json\/wp\/v2\/media?parent=9406"}],"wp:term":[{"taxonomy":"category","embeddable":true,"href":"https:\/\/elpueblonoticia.com.ar\/web\/wp-json\/wp\/v2\/categories?post=9406"},{"taxonomy":"post_tag","embeddable":true,"href":"https:\/\/elpueblonoticia.com.ar\/web\/wp-json\/wp\/v2\/tags?post=9406"}],"curies":[{"name":"wp","href":"https:\/\/api.w.org\/{rel}","templated":true}]}}