{"id":9401,"date":"2026-04-28T13:42:52","date_gmt":"2026-04-28T16:42:52","guid":{"rendered":"https:\/\/elpueblonoticia.com.ar\/web\/?p=9401"},"modified":"2026-04-28T13:42:52","modified_gmt":"2026-04-28T16:42:52","slug":"concejo-sesion-con-mas-de-15-temas-en-agenda-para-este-miercoles","status":"publish","type":"post","link":"https:\/\/elpueblonoticia.com.ar\/web\/2026\/04\/28\/concejo-sesion-con-mas-de-15-temas-en-agenda-para-este-miercoles\/","title":{"rendered":"CONCEJO: SESI\u00d3N CON M\u00c1S DE 15 TEMAS EN AGENDA PARA ESTE MI\u00c9RCOLES"},"content":{"rendered":"<p><strong>Informaci\u00f3n General<\/strong><\/p>\n<p>PASO DE LOS LIBRES<br \/>\nMartes 29 de abril de 2026<\/p>\n<p>El Concejo Deliberante de Paso de los Libres celebra este mi\u00e9rcoles 29 de abril su V\u00b0 Sesi\u00f3n Ordinaria. La convocatoria trae un orden del d\u00eda cargado: proyectos de ordenanza, notas de vecinos, pedidos de informes y despachos de comisi\u00f3n que atraviesan \u00e1reas como obras, ambiente, cultura y acci\u00f3n social.<\/p>\n<p>Qu\u00e9 se debate<\/p>\n<p>Uno de los puntos que llegar\u00e1 al recinto es la iniciativa para construir 200 nichos en el Cementerio de la Santa Cruz, con destino al personal municipal.<\/p>\n<p>En materia ambiental se pondr\u00e1 a consideraci\u00f3n un programa municipal de recolecci\u00f3n y tratamiento de colillas de cigarrillos.<\/p>\n<p>Los reclamos barriales tambi\u00e9n tendr\u00e1n lugar: vecinos de La Carbonilla piden mejoras en el alumbrado p\u00fablico y mayor se\u00f1alizaci\u00f3n en los reductores de velocidad.<\/p>\n<p>A eso se suman presentaciones de escuelas para nombrar espacios p\u00fablicos y solicitudes de apoyo del municipio a eventos sociales, culturales y deportivos.<\/p>\n<p>Adem\u00e1s, se discutir\u00e1 un proyecto para empadronar y regular el servicio de taxis, remises y transporte de pasajeros, y varias declaraciones de inter\u00e9s municipal para actividades educativas, profesionales y deportivas.<\/p>\n<p>Despachos que se tratan<\/p>\n<p>La sesi\u00f3n arranca con la aprobaci\u00f3n del acta anterior y la lectura de comunicaciones oficiales. Luego se abordar\u00e1n los despachos:<\/p>\n<p>Legislaci\u00f3n, Hacienda y Obras P\u00fablicas:<br \/>\n&#8211; Adhesi\u00f3n a la Ley Provincial 6243, de protecci\u00f3n integral de las personas mayores.<br \/>\n&#8211; Pedido para denominar a un sector de la ciudad como \u201cCapilla Sagrado Coraz\u00f3n de Jes\u00fas\u201d.<\/p>\n<p>Cultura, Educaci\u00f3n, Salud, Acci\u00f3n Social, Ecolog\u00eda, Deporte y Turismo:<br \/>\n&#8211; Declaraci\u00f3n de inter\u00e9s municipal para el proyecto \u201cPrevenci\u00f3n profunda del sufrimiento existencial y promoci\u00f3n del sentido\u201d.<br \/>\n&#8211; Pedido de colaboraci\u00f3n para un torneo de f\u00fatbol infantil.<br \/>\n&#8211; Declaraci\u00f3n de inter\u00e9s municipal para el \u201cSeminario de Pr\u00e1ctica Forense en lo Civil y Comercial\u201d, del Colegio de Abogados de la IV\u00ba Circunscripci\u00f3n Judicial.<\/p>\n","protected":false},"excerpt":{"rendered":"<p>Informaci\u00f3n General PASO DE LOS LIBRES Martes 29 de abril de 2026 El Concejo Deliberante de Paso de los Libres celebra este mi\u00e9rcoles 29 de abril su V\u00b0 Sesi\u00f3n Ordinaria. La convocatoria trae un orden del d\u00eda cargado: proyectos de ordenanza, notas de vecinos, pedidos de informes y despachos de comisi\u00f3n que atraviesan \u00e1reas como [&hellip;]<\/p>\n","protected":false},"author":2,"featured_media":8822,"comment_status":"open","ping_status":"open","sticky":false,"template":"","format":"standard","meta":{"footnotes":""},"categories":[77],"tags":[],"class_list":{"0":"post-9401","1":"post","2":"type-post","3":"status-publish","4":"format-standard","5":"has-post-thumbnail","7":"category-paso-de-los-libres"},"_links":{"self":[{"href":"https:\/\/elpueblonoticia.com.ar\/web\/wp-json\/wp\/v2\/posts\/9401","targetHints":{"allow":["GET"]}}],"collection":[{"href":"https:\/\/elpueblonoticia.com.ar\/web\/wp-json\/wp\/v2\/posts"}],"about":[{"href":"https:\/\/elpueblonoticia.com.ar\/web\/wp-json\/wp\/v2\/types\/post"}],"author":[{"embeddable":true,"href":"https:\/\/elpueblonoticia.com.ar\/web\/wp-json\/wp\/v2\/users\/2"}],"replies":[{"embeddable":true,"href":"https:\/\/elpueblonoticia.com.ar\/web\/wp-json\/wp\/v2\/comments?post=9401"}],"version-history":[{"count":1,"href":"https:\/\/elpueblonoticia.com.ar\/web\/wp-json\/wp\/v2\/posts\/9401\/revisions"}],"predecessor-version":[{"id":9402,"href":"https:\/\/elpueblonoticia.com.ar\/web\/wp-json\/wp\/v2\/posts\/9401\/revisions\/9402"}],"wp:featuredmedia":[{"embeddable":true,"href":"https:\/\/elpueblonoticia.com.ar\/web\/wp-json\/wp\/v2\/media\/8822"}],"wp:attachment":[{"href":"https:\/\/elpueblonoticia.com.ar\/web\/wp-json\/wp\/v2\/media?parent=9401"}],"wp:term":[{"taxonomy":"category","embeddable":true,"href":"https:\/\/elpueblonoticia.com.ar\/web\/wp-json\/wp\/v2\/categories?post=9401"},{"taxonomy":"post_tag","embeddable":true,"href":"https:\/\/elpueblonoticia.com.ar\/web\/wp-json\/wp\/v2\/tags?post=9401"}],"curies":[{"name":"wp","href":"https:\/\/api.w.org\/{rel}","templated":true}]}}