{"id":9396,"date":"2026-04-28T11:42:52","date_gmt":"2026-04-28T14:42:52","guid":{"rendered":"https:\/\/elpueblonoticia.com.ar\/web\/?p=9396"},"modified":"2026-04-28T11:46:04","modified_gmt":"2026-04-28T14:46:04","slug":"se-desacelera-la-inflacion-abril-podria-cerrar-por-debajo-del-3","status":"publish","type":"post","link":"https:\/\/elpueblonoticia.com.ar\/web\/2026\/04\/28\/se-desacelera-la-inflacion-abril-podria-cerrar-por-debajo-del-3\/","title":{"rendered":"Se desacelera la inflaci\u00f3n: abril podr\u00eda cerrar por debajo del 3%"},"content":{"rendered":"<p data-start=\"156\" data-end=\"292\"><em data-start=\"156\" data-end=\"292\">La posible baja marca un punto de inflexi\u00f3n tras meses de fuertes subas, aunque el alivio a\u00fan no se refleja plenamente en el bolsillo.<\/em><\/p>\n<p data-start=\"294\" data-end=\"655\">La inflaci\u00f3n de abril podr\u00eda ubicarse por debajo del 3%, seg\u00fan coinciden distintos relevamientos de consultoras privadas, en lo que ser\u00eda el registro mensual m\u00e1s bajo en m\u00e1s de un a\u00f1o. De confirmarse, el dato implicar\u00eda una desaceleraci\u00f3n respecto al 3,4% informado para marzo y reforzar\u00eda la tendencia descendente que comenz\u00f3 a observarse en los \u00faltimos meses.<\/p>\n<p data-start=\"657\" data-end=\"974\">El \u00edndice oficial ser\u00e1 difundido en los pr\u00f3ximos d\u00edas por el Instituto Nacional de Estad\u00edstica y Censos (INDEC), y es esperado con atenci\u00f3n tanto por el Gobierno como por analistas del mercado, en un contexto donde la evoluci\u00f3n de los precios sigue siendo uno de los principales indicadores de la situaci\u00f3n econ\u00f3mica.<\/p>\n<p data-start=\"976\" data-end=\"1350\">Entre los factores que explican esta moderaci\u00f3n aparece, en primer lugar, una desaceleraci\u00f3n en el aumento de los alimentos y bebidas, un rubro clave dentro de la canasta que mide el \u00edndice de precios al consumidor. Durante abril, los incrementos en productos b\u00e1sicos como carnes, verduras y art\u00edculos de almac\u00e9n habr\u00edan sido m\u00e1s contenidos en comparaci\u00f3n con meses previos.<\/p>\n<p data-start=\"1352\" data-end=\"1673\">A su vez, influyeron otros elementos como la menor presi\u00f3n de los precios regulados, cierta estabilidad en el tipo de cambio y un nivel de consumo que contin\u00faa debilitado. Este \u00faltimo punto resulta determinante, ya que la ca\u00edda en la demanda reduce el margen de las empresas para trasladar aumentos a los precios finales.<\/p>\n<p data-start=\"1675\" data-end=\"2012\">No obstante, economistas advierten que el proceso de desaceleraci\u00f3n inflacionaria a\u00fan es incipiente y enfrenta m\u00faltiples desaf\u00edos. Si bien una inflaci\u00f3n mensual por debajo del 3% representa una se\u00f1al positiva, la inflaci\u00f3n acumulada sigue siendo elevada y el impacto en el poder adquisitivo de los salarios contin\u00faa siendo significativo.<\/p>\n<p data-start=\"2014\" data-end=\"2209\">En paralelo, algunos rubros como tarifas de servicios p\u00fablicos, transporte y educaci\u00f3n mantienen presiones alcistas, lo que podr\u00eda limitar la velocidad de la desaceleraci\u00f3n en los pr\u00f3ximos meses.<\/p>\n<p data-start=\"2211\" data-end=\"2519\">En este escenario, el dato de abril ser\u00e1 clave no solo por su valor puntual, sino tambi\u00e9n por la se\u00f1al que pueda ofrecer hacia adelante. Una confirmaci\u00f3n de la baja podr\u00eda fortalecer las expectativas de estabilidad, mientras que cualquier desv\u00edo podr\u00eda reavivar las dudas sobre la sostenibilidad del proceso.<\/p>\n<p data-start=\"2521\" data-end=\"2810\">Por lo pronto, el posible quiebre de la barrera del 3% mensual aparece como un dato relevante dentro de un contexto econ\u00f3mico todav\u00eda fr\u00e1gil, donde la evoluci\u00f3n de los precios contin\u00faa siendo uno de los principales focos de atenci\u00f3n tanto para el Gobierno como para la sociedad en general.<\/p>\n<p data-start=\"2818\" data-end=\"2958\" data-is-last-node=\"\" data-is-only-node=\"\">\n","protected":false},"excerpt":{"rendered":"<p>La posible baja marca un punto de inflexi\u00f3n tras meses de fuertes subas, aunque el alivio a\u00fan no se refleja plenamente en el bolsillo. La inflaci\u00f3n de abril podr\u00eda ubicarse por debajo del 3%, seg\u00fan coinciden distintos relevamientos de consultoras privadas, en lo que ser\u00eda el registro mensual m\u00e1s bajo en m\u00e1s de un a\u00f1o. [&hellip;]<\/p>\n","protected":false},"author":2,"featured_media":9400,"comment_status":"open","ping_status":"open","sticky":false,"template":"","format":"standard","meta":{"footnotes":""},"categories":[65],"tags":[],"class_list":{"0":"post-9396","1":"post","2":"type-post","3":"status-publish","4":"format-standard","5":"has-post-thumbnail","7":"category-economia"},"_links":{"self":[{"href":"https:\/\/elpueblonoticia.com.ar\/web\/wp-json\/wp\/v2\/posts\/9396","targetHints":{"allow":["GET"]}}],"collection":[{"href":"https:\/\/elpueblonoticia.com.ar\/web\/wp-json\/wp\/v2\/posts"}],"about":[{"href":"https:\/\/elpueblonoticia.com.ar\/web\/wp-json\/wp\/v2\/types\/post"}],"author":[{"embeddable":true,"href":"https:\/\/elpueblonoticia.com.ar\/web\/wp-json\/wp\/v2\/users\/2"}],"replies":[{"embeddable":true,"href":"https:\/\/elpueblonoticia.com.ar\/web\/wp-json\/wp\/v2\/comments?post=9396"}],"version-history":[{"count":1,"href":"https:\/\/elpueblonoticia.com.ar\/web\/wp-json\/wp\/v2\/posts\/9396\/revisions"}],"predecessor-version":[{"id":9397,"href":"https:\/\/elpueblonoticia.com.ar\/web\/wp-json\/wp\/v2\/posts\/9396\/revisions\/9397"}],"wp:featuredmedia":[{"embeddable":true,"href":"https:\/\/elpueblonoticia.com.ar\/web\/wp-json\/wp\/v2\/media\/9400"}],"wp:attachment":[{"href":"https:\/\/elpueblonoticia.com.ar\/web\/wp-json\/wp\/v2\/media?parent=9396"}],"wp:term":[{"taxonomy":"category","embeddable":true,"href":"https:\/\/elpueblonoticia.com.ar\/web\/wp-json\/wp\/v2\/categories?post=9396"},{"taxonomy":"post_tag","embeddable":true,"href":"https:\/\/elpueblonoticia.com.ar\/web\/wp-json\/wp\/v2\/tags?post=9396"}],"curies":[{"name":"wp","href":"https:\/\/api.w.org\/{rel}","templated":true}]}}