{"id":9371,"date":"2026-04-28T09:07:40","date_gmt":"2026-04-28T12:07:40","guid":{"rendered":"https:\/\/elpueblonoticia.com.ar\/web\/?p=9371"},"modified":"2026-04-28T09:07:40","modified_gmt":"2026-04-28T12:07:40","slug":"el-gobernador-juan-pablo-valdes-viene-a-goya-y-jugara-el-mundial-de-pesca","status":"publish","type":"post","link":"https:\/\/elpueblonoticia.com.ar\/web\/2026\/04\/28\/el-gobernador-juan-pablo-valdes-viene-a-goya-y-jugara-el-mundial-de-pesca\/","title":{"rendered":"El gobernador Juan Pablo Vald\u00e9s viene a Goya y jugar\u00e1 el Mundial de Pesca"},"content":{"rendered":"<div id=\"Inline\" class=\"banner-in-text\">\n<div id=\"sas_1777299690468rnd\"><strong>&#8220;Vamos a repetir el equipo del a\u00f1o pasado\u201d, dijo este lunes el intendente goyano, Mariano Hormaechea. El tercer integrante de la embarcaci\u00f3n es el jefe comunal de Ituzaing\u00f3, Jos\u00e9 Nicol\u00e1s. La Largada ser\u00e1 este s\u00e1bado 2 de mayo pasado el mediod\u00eda.\u00a0<\/strong><\/div>\n<\/div>\n<p>&nbsp;<\/p>\n<div id=\"main\" class=\"bloque\">\n<div class=\"cont-nota\">\n<article class=\"cont-cuerpo\">\n<section class=\"texto\">El intendente de Goya confirm\u00f3 este lunes que el gobernador de la provincia participar\u00e1 de la 49\u00b0 edici\u00f3n de la Pesca Nacional del Surub\u00ed, integrar\u00e1 un equipo junto a \u00e9l y al jefe comunal de Ituzaing\u00f3. Tal cual como lo hizo el a\u00f1o pasado cuando el mandatario correntino, a\u00fan era intendente de la localidad ituzaingue\u00f1a.<\/p>\n<p>El gobernador adem\u00e1s participar\u00e1 de otras actividades oficiales, como ser, la inauguraci\u00f3n de la costanera de Goya. Acto previsto para la tarde de este martes 28 de abril, en la ribera de la ciudad.<\/p>\n<p>Para esta edici\u00f3n el torneo sum\u00f3 1.400 lanchas que durante el pr\u00f3ximo fin de semana, ir\u00e1n por la b\u00fasqueda de la pieza mayor de surub\u00ed.<\/p>\n<\/section>\n<\/article>\n<\/div>\n<\/div>\n","protected":false},"excerpt":{"rendered":"<p>&#8220;Vamos a repetir el equipo del a\u00f1o pasado\u201d, dijo este lunes el intendente goyano, Mariano Hormaechea. El tercer integrante de la embarcaci\u00f3n es el jefe comunal de Ituzaing\u00f3, Jos\u00e9 Nicol\u00e1s. La Largada ser\u00e1 este s\u00e1bado 2 de mayo pasado el mediod\u00eda.\u00a0 &nbsp; El intendente de Goya confirm\u00f3 este lunes que el gobernador de la provincia [&hellip;]<\/p>\n","protected":false},"author":2,"featured_media":9372,"comment_status":"open","ping_status":"open","sticky":false,"template":"","format":"standard","meta":{"footnotes":""},"categories":[78],"tags":[],"class_list":{"0":"post-9371","1":"post","2":"type-post","3":"status-publish","4":"format-standard","5":"has-post-thumbnail","7":"category-generales"},"_links":{"self":[{"href":"https:\/\/elpueblonoticia.com.ar\/web\/wp-json\/wp\/v2\/posts\/9371","targetHints":{"allow":["GET"]}}],"collection":[{"href":"https:\/\/elpueblonoticia.com.ar\/web\/wp-json\/wp\/v2\/posts"}],"about":[{"href":"https:\/\/elpueblonoticia.com.ar\/web\/wp-json\/wp\/v2\/types\/post"}],"author":[{"embeddable":true,"href":"https:\/\/elpueblonoticia.com.ar\/web\/wp-json\/wp\/v2\/users\/2"}],"replies":[{"embeddable":true,"href":"https:\/\/elpueblonoticia.com.ar\/web\/wp-json\/wp\/v2\/comments?post=9371"}],"version-history":[{"count":1,"href":"https:\/\/elpueblonoticia.com.ar\/web\/wp-json\/wp\/v2\/posts\/9371\/revisions"}],"predecessor-version":[{"id":9373,"href":"https:\/\/elpueblonoticia.com.ar\/web\/wp-json\/wp\/v2\/posts\/9371\/revisions\/9373"}],"wp:featuredmedia":[{"embeddable":true,"href":"https:\/\/elpueblonoticia.com.ar\/web\/wp-json\/wp\/v2\/media\/9372"}],"wp:attachment":[{"href":"https:\/\/elpueblonoticia.com.ar\/web\/wp-json\/wp\/v2\/media?parent=9371"}],"wp:term":[{"taxonomy":"category","embeddable":true,"href":"https:\/\/elpueblonoticia.com.ar\/web\/wp-json\/wp\/v2\/categories?post=9371"},{"taxonomy":"post_tag","embeddable":true,"href":"https:\/\/elpueblonoticia.com.ar\/web\/wp-json\/wp\/v2\/tags?post=9371"}],"curies":[{"name":"wp","href":"https:\/\/api.w.org\/{rel}","templated":true}]}}