{"id":9367,"date":"2026-04-28T08:52:53","date_gmt":"2026-04-28T11:52:53","guid":{"rendered":"https:\/\/elpueblonoticia.com.ar\/web\/?p=9367"},"modified":"2026-04-28T08:52:53","modified_gmt":"2026-04-28T11:52:53","slug":"la-produccion-cayo-al-61-en-empresas-del-sector-electrico-y-electronico","status":"publish","type":"post","link":"https:\/\/elpueblonoticia.com.ar\/web\/2026\/04\/28\/la-produccion-cayo-al-61-en-empresas-del-sector-electrico-y-electronico\/","title":{"rendered":"La producci\u00f3n cay\u00f3 al 61% en empresas del sector el\u00e9ctrico y electr\u00f3nico"},"content":{"rendered":"<div id=\"modalIntrotext\">\n<div>Un documento de Cadieel indica que la industria sufri\u00f3 una contracci\u00f3n promedio del 39% en el primer trimestre de 2026. La falta de inversiones y la reducci\u00f3n de personal marcan un inicio de a\u00f1o complejo para el sector.<\/div>\n<div><\/div>\n<div><\/div>\n<div>\n<section id=\"modalArticulo\" class=\"hidden\">\n<div class=\"contenido\">\n<div id=\"modalFulltext\">\n<div><\/div>\n<div>\u00a0La C\u00e1mara Argentina de Industrias Electr\u00f3nicas, Electromec\u00e1nicas y Luminot\u00e9cnicas (Cadieel) emiti\u00f3 este lunes un informe que mostr\u00f3 la realidad de este sector industrial, que destac\u00f3 el dif\u00edcil panorama nacional.<\/div>\n<div><\/div>\n<div>El dato m\u00e1s alarmante del informe es que 6 de cada 10 empresas del sector registraron una ca\u00edda en su producci\u00f3n. Esta contracci\u00f3n no fue leve, ya que el promedio de baja se situ\u00f3 en un 39%. Solo un 19% de las firmas logr\u00f3 crecer, lo que marca una brecha profunda entre los pocos que logran expandirse y la mayor\u00eda que lucha por sostenerse.<\/div>\n<h2 class=\"\">Capacidad instalada y empleo: estancamiento operativo<\/h2>\n<div>La industria est\u00e1 lejos de su techo productivo. La Utilizaci\u00f3n de la Capacidad Instalada (UCI) se mantuvo en rangos medios-bajos (41% a 60%), lo que indica que hay mucha infraestructura &#8220;dormida&#8221; por falta de demanda. En cuanto al mercado laboral:<\/div>\n<div><\/div>\n<div>Reducci\u00f3n de personal: El 42% de las empresas tuvo que achicar su plantilla, un n\u00famero que creci\u00f3 respecto al trimestre anterior.<\/div>\n<div>Estabilidad: Un 52% hizo el esfuerzo de mantener su dotaci\u00f3n sin cambios, a pesar del contexto recesivo.<\/div>\n<h2 class=\"\">Exportaciones: el desaf\u00edo de los costos<\/h2>\n<div>Si bien el 58% de las empresas exporta, el volumen sigue siendo marginal: la gran mayor\u00eda (67%) apenas env\u00eda al exterior un 10% de su producci\u00f3n.<\/div>\n<div>Los altos costos internos aparecieron como la principal barrera que impide a las pymes industriales competir con fuerza en los mercados globales.<\/div>\n<div><\/div>\n<h2 class=\"\">Expectativas 2026: entre la estabilidad y el &#8220;wait and see&#8221;<\/h2>\n<div>Para el segundo trimestre, el sentimiento predominante es la estabilidad cautelosa:<\/div>\n<div>Inversiones: El 68% no tiene planes de invertir, citando la ca\u00edda en las ventas y la incertidumbre pol\u00edtica como los principales frenos.<\/div>\n<div>Ventas: Hay un ligero optimismo (35% espera mejoras), pero no se traduce a\u00fan en nuevas contrataciones, ya que el 68% de las firmas apuesta simplemente a mantener su estructura actual.<\/div>\n<div><\/div>\n<\/div>\n<div>\n<div id=\"117986-4\"><\/div>\n<div id=\"117986-6\"><\/div>\n<div id=\"117986-3\"><\/div>\n<\/div>\n<\/div>\n<div class=\"modalRedes\"><\/div>\n<\/section>\n<div><\/div>\n<div id=\"albums\"><\/div>\n<\/div>\n<\/div>\n","protected":false},"excerpt":{"rendered":"<p>Un documento de Cadieel indica que la industria sufri\u00f3 una contracci\u00f3n promedio del 39% en el primer trimestre de 2026. La falta de inversiones y la reducci\u00f3n de personal marcan un inicio de a\u00f1o complejo para el sector. \u00a0La C\u00e1mara Argentina de Industrias Electr\u00f3nicas, Electromec\u00e1nicas y Luminot\u00e9cnicas (Cadieel) emiti\u00f3 este lunes un informe que mostr\u00f3 [&hellip;]<\/p>\n","protected":false},"author":2,"featured_media":9368,"comment_status":"open","ping_status":"open","sticky":false,"template":"","format":"standard","meta":{"footnotes":""},"categories":[65],"tags":[],"class_list":{"0":"post-9367","1":"post","2":"type-post","3":"status-publish","4":"format-standard","5":"has-post-thumbnail","7":"category-economia"},"_links":{"self":[{"href":"https:\/\/elpueblonoticia.com.ar\/web\/wp-json\/wp\/v2\/posts\/9367","targetHints":{"allow":["GET"]}}],"collection":[{"href":"https:\/\/elpueblonoticia.com.ar\/web\/wp-json\/wp\/v2\/posts"}],"about":[{"href":"https:\/\/elpueblonoticia.com.ar\/web\/wp-json\/wp\/v2\/types\/post"}],"author":[{"embeddable":true,"href":"https:\/\/elpueblonoticia.com.ar\/web\/wp-json\/wp\/v2\/users\/2"}],"replies":[{"embeddable":true,"href":"https:\/\/elpueblonoticia.com.ar\/web\/wp-json\/wp\/v2\/comments?post=9367"}],"version-history":[{"count":1,"href":"https:\/\/elpueblonoticia.com.ar\/web\/wp-json\/wp\/v2\/posts\/9367\/revisions"}],"predecessor-version":[{"id":9369,"href":"https:\/\/elpueblonoticia.com.ar\/web\/wp-json\/wp\/v2\/posts\/9367\/revisions\/9369"}],"wp:featuredmedia":[{"embeddable":true,"href":"https:\/\/elpueblonoticia.com.ar\/web\/wp-json\/wp\/v2\/media\/9368"}],"wp:attachment":[{"href":"https:\/\/elpueblonoticia.com.ar\/web\/wp-json\/wp\/v2\/media?parent=9367"}],"wp:term":[{"taxonomy":"category","embeddable":true,"href":"https:\/\/elpueblonoticia.com.ar\/web\/wp-json\/wp\/v2\/categories?post=9367"},{"taxonomy":"post_tag","embeddable":true,"href":"https:\/\/elpueblonoticia.com.ar\/web\/wp-json\/wp\/v2\/tags?post=9367"}],"curies":[{"name":"wp","href":"https:\/\/api.w.org\/{rel}","templated":true}]}}