{"id":9349,"date":"2026-04-27T10:49:02","date_gmt":"2026-04-27T13:49:02","guid":{"rendered":"https:\/\/elpueblonoticia.com.ar\/web\/?p=9349"},"modified":"2026-04-27T10:49:02","modified_gmt":"2026-04-27T13:49:02","slug":"goya-estrena-su-nueva-costanera-junto-al-rio-y-vivira-una-noche-historica","status":"publish","type":"post","link":"https:\/\/elpueblonoticia.com.ar\/web\/2026\/04\/27\/goya-estrena-su-nueva-costanera-junto-al-rio-y-vivira-una-noche-historica\/","title":{"rendered":"\u00a1Goya estrena su nueva costanera junto al r\u00edo y vivir\u00e1 una noche hist\u00f3rica!"},"content":{"rendered":"<p>La ciudad de Goya se prepara para vivir una jornada significativa con la inauguraci\u00f3n de la nueva Costanera, una obra que apunta a recuperar el espacio p\u00fablico y fortalecer la relaci\u00f3n de la comunidad con el r\u00edo.<\/p>\n<p>El acto se realizar\u00e1 el martes 28 de abril a las 20:00, en la propia Costanera, donde vecinos y visitantes est\u00e1n invitados a participar de este evento que marca un nuevo paso en el desarrollo urbano de la ciudad.<\/p>\n<p>Desde el municipio destacaron que este espacio no solo representa una mejora en infraestructura, sino tambi\u00e9n un punto de encuentro para la comunidad. La obra busca revalorizar la ribera, generar \u00e1mbitos de recreaci\u00f3n y acompa\u00f1ar el crecimiento sostenido de Goya.<\/p>\n<p>La iniciativa es impulsada por la gesti\u00f3n del intendente Mariano Hormaechea, en el marco del lema #GoyaHaciaAdelante, que promueve una ciudad m\u00e1s integrada, moderna y con espacios accesibles para todos.<\/p>\n<p>\u201cEl objetivo es que la Costanera vuelva a ser de todos\u201d, remarcan desde la organizaci\u00f3n, invitando a compartir un momento que consideran hist\u00f3rico para la comunidad. La inauguraci\u00f3n se presenta as\u00ed como una oportunidad para celebrar los avances logrados y proyectar el futuro de la ciudad con una mirada colectiva.<\/p>\n","protected":false},"excerpt":{"rendered":"<p>La ciudad de Goya se prepara para vivir una jornada significativa con la inauguraci\u00f3n de la nueva Costanera, una obra que apunta a recuperar el espacio p\u00fablico y fortalecer la relaci\u00f3n de la comunidad con el r\u00edo. El acto se realizar\u00e1 el martes 28 de abril a las 20:00, en la propia Costanera, donde vecinos [&hellip;]<\/p>\n","protected":false},"author":2,"featured_media":9350,"comment_status":"open","ping_status":"open","sticky":false,"template":"","format":"standard","meta":{"footnotes":""},"categories":[56],"tags":[],"class_list":{"0":"post-9349","1":"post","2":"type-post","3":"status-publish","4":"format-standard","5":"has-post-thumbnail","7":"category-locales"},"_links":{"self":[{"href":"https:\/\/elpueblonoticia.com.ar\/web\/wp-json\/wp\/v2\/posts\/9349","targetHints":{"allow":["GET"]}}],"collection":[{"href":"https:\/\/elpueblonoticia.com.ar\/web\/wp-json\/wp\/v2\/posts"}],"about":[{"href":"https:\/\/elpueblonoticia.com.ar\/web\/wp-json\/wp\/v2\/types\/post"}],"author":[{"embeddable":true,"href":"https:\/\/elpueblonoticia.com.ar\/web\/wp-json\/wp\/v2\/users\/2"}],"replies":[{"embeddable":true,"href":"https:\/\/elpueblonoticia.com.ar\/web\/wp-json\/wp\/v2\/comments?post=9349"}],"version-history":[{"count":1,"href":"https:\/\/elpueblonoticia.com.ar\/web\/wp-json\/wp\/v2\/posts\/9349\/revisions"}],"predecessor-version":[{"id":9351,"href":"https:\/\/elpueblonoticia.com.ar\/web\/wp-json\/wp\/v2\/posts\/9349\/revisions\/9351"}],"wp:featuredmedia":[{"embeddable":true,"href":"https:\/\/elpueblonoticia.com.ar\/web\/wp-json\/wp\/v2\/media\/9350"}],"wp:attachment":[{"href":"https:\/\/elpueblonoticia.com.ar\/web\/wp-json\/wp\/v2\/media?parent=9349"}],"wp:term":[{"taxonomy":"category","embeddable":true,"href":"https:\/\/elpueblonoticia.com.ar\/web\/wp-json\/wp\/v2\/categories?post=9349"},{"taxonomy":"post_tag","embeddable":true,"href":"https:\/\/elpueblonoticia.com.ar\/web\/wp-json\/wp\/v2\/tags?post=9349"}],"curies":[{"name":"wp","href":"https:\/\/api.w.org\/{rel}","templated":true}]}}