{"id":9342,"date":"2026-04-27T10:06:44","date_gmt":"2026-04-27T13:06:44","guid":{"rendered":"https:\/\/elpueblonoticia.com.ar\/web\/?p=9342"},"modified":"2026-04-27T10:09:50","modified_gmt":"2026-04-27T13:09:50","slug":"reabren-un-espacio-publico-en-la-sede-de-prefectura-naval","status":"publish","type":"post","link":"https:\/\/elpueblonoticia.com.ar\/web\/2026\/04\/27\/reabren-un-espacio-publico-en-la-sede-de-prefectura-naval\/","title":{"rendered":"Reabren un espacio p\u00fablico en la sede de Prefectura Naval Goya"},"content":{"rendered":"<p>La ciudad de Goya suma un nuevo punto de encuentro para la comunidad. La Municipalidad anunci\u00f3 la reapertura de un espacio p\u00fablico renovado en la sede de la Prefectura Naval Argentina, con el objetivo de fortalecer la integraci\u00f3n social y recuperar \u00e1reas destinadas al uso ciudadano.<\/p>\n<p>El acto se llevar\u00e1 a cabo el lunes 27 de abril a las 18:30, en un evento abierto al p\u00fablico en el que se invita a vecinos y vecinas a participar de este momento significativo para la ciudad.<\/p>\n<p>Desde el municipio destacaron que se trata de un espacio reacondicionado pensado para el encuentro comunitario, en l\u00ednea con las pol\u00edticas de puesta en valor de espacios urbanos. La iniciativa se enmarca en una serie de acciones que buscan mejorar la calidad de vida y promover \u00e1mbitos de convivencia.<\/p>\n<p>El intendente Mariano Hormaechea impulsa este tipo de intervenciones bajo el lema #GoyaHaciaAdelante, apostando a una ciudad m\u00e1s inclusiva y con mayores espacios para el disfrute de sus habitantes.<\/p>\n<p>\u201cUn espacio renovado para el encuentro de nuestra comunidad\u201d, se\u00f1ala la invitaci\u00f3n oficial, que cierra con un mensaje claro: \u201c\u00a1Los esperamos!\u201d.<\/p>\n","protected":false},"excerpt":{"rendered":"<p>La ciudad de Goya suma un nuevo punto de encuentro para la comunidad. La Municipalidad anunci\u00f3 la reapertura de un espacio p\u00fablico renovado en la sede de la Prefectura Naval Argentina, con el objetivo de fortalecer la integraci\u00f3n social y recuperar \u00e1reas destinadas al uso ciudadano. El acto se llevar\u00e1 a cabo el lunes 27 [&hellip;]<\/p>\n","protected":false},"author":2,"featured_media":9343,"comment_status":"open","ping_status":"open","sticky":false,"template":"","format":"standard","meta":{"footnotes":""},"categories":[56],"tags":[],"class_list":{"0":"post-9342","1":"post","2":"type-post","3":"status-publish","4":"format-standard","5":"has-post-thumbnail","7":"category-locales"},"_links":{"self":[{"href":"https:\/\/elpueblonoticia.com.ar\/web\/wp-json\/wp\/v2\/posts\/9342","targetHints":{"allow":["GET"]}}],"collection":[{"href":"https:\/\/elpueblonoticia.com.ar\/web\/wp-json\/wp\/v2\/posts"}],"about":[{"href":"https:\/\/elpueblonoticia.com.ar\/web\/wp-json\/wp\/v2\/types\/post"}],"author":[{"embeddable":true,"href":"https:\/\/elpueblonoticia.com.ar\/web\/wp-json\/wp\/v2\/users\/2"}],"replies":[{"embeddable":true,"href":"https:\/\/elpueblonoticia.com.ar\/web\/wp-json\/wp\/v2\/comments?post=9342"}],"version-history":[{"count":2,"href":"https:\/\/elpueblonoticia.com.ar\/web\/wp-json\/wp\/v2\/posts\/9342\/revisions"}],"predecessor-version":[{"id":9348,"href":"https:\/\/elpueblonoticia.com.ar\/web\/wp-json\/wp\/v2\/posts\/9342\/revisions\/9348"}],"wp:featuredmedia":[{"embeddable":true,"href":"https:\/\/elpueblonoticia.com.ar\/web\/wp-json\/wp\/v2\/media\/9343"}],"wp:attachment":[{"href":"https:\/\/elpueblonoticia.com.ar\/web\/wp-json\/wp\/v2\/media?parent=9342"}],"wp:term":[{"taxonomy":"category","embeddable":true,"href":"https:\/\/elpueblonoticia.com.ar\/web\/wp-json\/wp\/v2\/categories?post=9342"},{"taxonomy":"post_tag","embeddable":true,"href":"https:\/\/elpueblonoticia.com.ar\/web\/wp-json\/wp\/v2\/tags?post=9342"}],"curies":[{"name":"wp","href":"https:\/\/api.w.org\/{rel}","templated":true}]}}