{"id":9331,"date":"2026-04-27T09:58:18","date_gmt":"2026-04-27T12:58:18","guid":{"rendered":"https:\/\/elpueblonoticia.com.ar\/web\/?p=9331"},"modified":"2026-04-27T09:58:18","modified_gmt":"2026-04-27T12:58:18","slug":"prefectura-refuerza-controles-y-asistencia-a-pescadores-en-la-antesala-de-la-fiesta-del-surubi","status":"publish","type":"post","link":"https:\/\/elpueblonoticia.com.ar\/web\/2026\/04\/27\/prefectura-refuerza-controles-y-asistencia-a-pescadores-en-la-antesala-de-la-fiesta-del-surubi\/","title":{"rendered":"Prefectura refuerza controles y asistencia a pescadores en la antesala de la Fiesta del Surub\u00ed"},"content":{"rendered":"<div class=\"x14z9mp xat24cr x1lziwak x1vvkbs xtlvy1s x126k92a\">\n<div dir=\"auto\"><img loading=\"lazy\" decoding=\"async\" class=\"alignnone size-medium wp-image-9335\" src=\"https:\/\/elpueblonoticia.com.ar\/web\/wp-content\/uploads\/2026\/04\/684167841_1578206507649956_2588606542222996897_n-169x300.jpg\" alt=\"\" width=\"169\" height=\"300\" srcset=\"https:\/\/elpueblonoticia.com.ar\/web\/wp-content\/uploads\/2026\/04\/684167841_1578206507649956_2588606542222996897_n-169x300.jpg 169w, https:\/\/elpueblonoticia.com.ar\/web\/wp-content\/uploads\/2026\/04\/684167841_1578206507649956_2588606542222996897_n-576x1024.jpg 576w, https:\/\/elpueblonoticia.com.ar\/web\/wp-content\/uploads\/2026\/04\/684167841_1578206507649956_2588606542222996897_n-768x1365.jpg 768w, https:\/\/elpueblonoticia.com.ar\/web\/wp-content\/uploads\/2026\/04\/684167841_1578206507649956_2588606542222996897_n-864x1536.jpg 864w, https:\/\/elpueblonoticia.com.ar\/web\/wp-content\/uploads\/2026\/04\/684167841_1578206507649956_2588606542222996897_n-236x420.jpg 236w, https:\/\/elpueblonoticia.com.ar\/web\/wp-content\/uploads\/2026\/04\/684167841_1578206507649956_2588606542222996897_n-696x1237.jpg 696w, https:\/\/elpueblonoticia.com.ar\/web\/wp-content\/uploads\/2026\/04\/684167841_1578206507649956_2588606542222996897_n-1068x1899.jpg 1068w, https:\/\/elpueblonoticia.com.ar\/web\/wp-content\/uploads\/2026\/04\/684167841_1578206507649956_2588606542222996897_n.jpg 1152w\" sizes=\"auto, (max-width: 169px) 100vw, 169px\" \/><img loading=\"lazy\" decoding=\"async\" class=\"alignnone size-medium wp-image-9334\" src=\"https:\/\/elpueblonoticia.com.ar\/web\/wp-content\/uploads\/2026\/04\/682389926_1578206494316624_7223375279908233207_n-169x300.jpg\" alt=\"\" width=\"169\" height=\"300\" srcset=\"https:\/\/elpueblonoticia.com.ar\/web\/wp-content\/uploads\/2026\/04\/682389926_1578206494316624_7223375279908233207_n-169x300.jpg 169w, https:\/\/elpueblonoticia.com.ar\/web\/wp-content\/uploads\/2026\/04\/682389926_1578206494316624_7223375279908233207_n-576x1024.jpg 576w, https:\/\/elpueblonoticia.com.ar\/web\/wp-content\/uploads\/2026\/04\/682389926_1578206494316624_7223375279908233207_n-768x1365.jpg 768w, https:\/\/elpueblonoticia.com.ar\/web\/wp-content\/uploads\/2026\/04\/682389926_1578206494316624_7223375279908233207_n-864x1536.jpg 864w, https:\/\/elpueblonoticia.com.ar\/web\/wp-content\/uploads\/2026\/04\/682389926_1578206494316624_7223375279908233207_n-236x420.jpg 236w, https:\/\/elpueblonoticia.com.ar\/web\/wp-content\/uploads\/2026\/04\/682389926_1578206494316624_7223375279908233207_n-696x1237.jpg 696w, https:\/\/elpueblonoticia.com.ar\/web\/wp-content\/uploads\/2026\/04\/682389926_1578206494316624_7223375279908233207_n-1068x1899.jpg 1068w, https:\/\/elpueblonoticia.com.ar\/web\/wp-content\/uploads\/2026\/04\/682389926_1578206494316624_7223375279908233207_n.jpg 1152w\" sizes=\"auto, (max-width: 169px) 100vw, 169px\" \/><\/div>\n<div dir=\"auto\">En el marco de la inminente Fiesta Nacional del Surub\u00ed, la Prefectura Naval Argentina puso en marcha un operativo integral de control, verificaci\u00f3n y asistencia destinado a los pescadores que participar\u00e1n del tradicional concurso.<\/div>\n<div dir=\"auto\"><\/div>\n<\/div>\n<div class=\"x14z9mp xat24cr x1lziwak x1vvkbs xtlvy1s x126k92a\">\n<div dir=\"auto\">Seg\u00fan se inform\u00f3 oficialmente, se lleva adelante la habilitaci\u00f3n y verificaci\u00f3n anticipada de embarcaciones, un requisito clave para garantizar la seguridad durante el evento. Este procedimiento incluye la inspecci\u00f3n de documentaci\u00f3n y de los elementos de seguridad obligatorios a bordo. El operativo se extiende hasta el 1\u00b0 de mayo, en el horario de 8 a 18, buscando ordenar el flujo de participantes y evitar demoras en los d\u00edas centrales de la competencia.<\/div>\n<div dir=\"auto\"><\/div>\n<\/div>\n<div class=\"x14z9mp xat24cr x1lziwak x1vvkbs xtlvy1s x126k92a\">\n<div dir=\"auto\">Adem\u00e1s, como parte de la log\u00edstica del evento, se dispuso la entrega de kits a pescadores, acompa\u00f1ada de nuevos puntos de control. Uno de los principales espacios habilitados ser\u00e1 Playa El Ing\u00e1, donde tambi\u00e9n se realizar\u00e1n verificaciones adicionales.<\/div>\n<div dir=\"auto\"><\/div>\n<\/div>\n<div class=\"x14z9mp xat24cr x1lziwak x1vvkbs xtlvy1s x126k92a\">\n<div dir=\"auto\">Los horarios de atenci\u00f3n en este punto ser\u00e1n:<\/div>\n<\/div>\n<div class=\"x14z9mp xat24cr x1lziwak x1vvkbs xtlvy1s x126k92a\">\n<div dir=\"auto\">* Lunes y martes: de 8 a 12 y de 16 a 20<\/div>\n<div dir=\"auto\">* Mi\u00e9rcoles a viernes: de 8 a 20 (horario corrido)<\/div>\n<div dir=\"auto\">* S\u00e1bado: de 8 a 10<\/div>\n<\/div>\n<div class=\"x14z9mp xat24cr x1lziwak x1vvkbs xtlvy1s x126k92a\">\n<div dir=\"auto\">Por otro lado, la organizaci\u00f3n tambi\u00e9n incorpor\u00f3 herramientas digitales para facilitar la experiencia de los participantes. A trav\u00e9s de c\u00f3digos QR, los pescadores pueden acceder al mapa de zonas de pesca, disponible tanto para dispositivos Android como iOS, lo que permite una mejor planificaci\u00f3n dentro del r\u00edo.<\/div>\n<div dir=\"auto\"><\/div>\n<\/div>\n<div class=\"x14z9mp xat24cr x1lziwak x1vvkbs xtlvy1s x126k92a\">\n<div dir=\"auto\">Este despliegue conjunto entre Prefectura, el municipio de Goya y organismos provinciales apunta a garantizar una edici\u00f3n segura y ordenada del evento, que cada a\u00f1o convoca a miles de personas y posiciona a la ciudad como uno de los principales destinos tur\u00edsticos y deportivos del pa\u00eds.<\/div>\n<\/div>\n","protected":false},"excerpt":{"rendered":"<p>En el marco de la inminente Fiesta Nacional del Surub\u00ed, la Prefectura Naval Argentina puso en marcha un operativo integral de control, verificaci\u00f3n y asistencia destinado a los pescadores que participar\u00e1n del tradicional concurso. Seg\u00fan se inform\u00f3 oficialmente, se lleva adelante la habilitaci\u00f3n y verificaci\u00f3n anticipada de embarcaciones, un requisito clave para garantizar la seguridad [&hellip;]<\/p>\n","protected":false},"author":2,"featured_media":9333,"comment_status":"open","ping_status":"open","sticky":false,"template":"","format":"standard","meta":{"footnotes":""},"categories":[56],"tags":[],"class_list":{"0":"post-9331","1":"post","2":"type-post","3":"status-publish","4":"format-standard","5":"has-post-thumbnail","7":"category-locales"},"_links":{"self":[{"href":"https:\/\/elpueblonoticia.com.ar\/web\/wp-json\/wp\/v2\/posts\/9331","targetHints":{"allow":["GET"]}}],"collection":[{"href":"https:\/\/elpueblonoticia.com.ar\/web\/wp-json\/wp\/v2\/posts"}],"about":[{"href":"https:\/\/elpueblonoticia.com.ar\/web\/wp-json\/wp\/v2\/types\/post"}],"author":[{"embeddable":true,"href":"https:\/\/elpueblonoticia.com.ar\/web\/wp-json\/wp\/v2\/users\/2"}],"replies":[{"embeddable":true,"href":"https:\/\/elpueblonoticia.com.ar\/web\/wp-json\/wp\/v2\/comments?post=9331"}],"version-history":[{"count":1,"href":"https:\/\/elpueblonoticia.com.ar\/web\/wp-json\/wp\/v2\/posts\/9331\/revisions"}],"predecessor-version":[{"id":9336,"href":"https:\/\/elpueblonoticia.com.ar\/web\/wp-json\/wp\/v2\/posts\/9331\/revisions\/9336"}],"wp:featuredmedia":[{"embeddable":true,"href":"https:\/\/elpueblonoticia.com.ar\/web\/wp-json\/wp\/v2\/media\/9333"}],"wp:attachment":[{"href":"https:\/\/elpueblonoticia.com.ar\/web\/wp-json\/wp\/v2\/media?parent=9331"}],"wp:term":[{"taxonomy":"category","embeddable":true,"href":"https:\/\/elpueblonoticia.com.ar\/web\/wp-json\/wp\/v2\/categories?post=9331"},{"taxonomy":"post_tag","embeddable":true,"href":"https:\/\/elpueblonoticia.com.ar\/web\/wp-json\/wp\/v2\/tags?post=9331"}],"curies":[{"name":"wp","href":"https:\/\/api.w.org\/{rel}","templated":true}]}}