{"id":9328,"date":"2026-04-27T09:43:41","date_gmt":"2026-04-27T12:43:41","guid":{"rendered":"https:\/\/elpueblonoticia.com.ar\/web\/?p=9328"},"modified":"2026-04-27T09:43:41","modified_gmt":"2026-04-27T12:43:41","slug":"conflicto-por-un-comercio-24-hs-jose-lahoz-cuestiono-una-multa-municipal-y-denuncio-irregularidades","status":"publish","type":"post","link":"https:\/\/elpueblonoticia.com.ar\/web\/2026\/04\/27\/conflicto-por-un-comercio-24-hs-jose-lahoz-cuestiono-una-multa-municipal-y-denuncio-irregularidades\/","title":{"rendered":"CONFLICTO POR UN COMERCIO 24 HS: JOS\u00c9 LAHOZ CUESTION\u00d3 UNA MULTA MUNICIPAL Y DENUNCI\u00d3 IRREGULARIDADES"},"content":{"rendered":"<p>LOCALES | PASO DE LOS LIBRES<br \/>\nLunes 27 de Abril de 2026<\/p>\n<p>&nbsp;<\/p>\n<p>El propietario de un comercio 24 hs, Jos\u00e9 Lahoz, mantiene un conflicto con el Municipio de Paso de los Libres tras recibir una sanci\u00f3n y el decomiso de mercader\u00eda. Lahoz expuso su postura en una entrevista brindada al programa Impacto Corrientes.<\/p>\n<p>Seg\u00fan detall\u00f3 el comerciante, la Municipalidad le aplic\u00f3 una multa equivalente a 1500 litros de combustible. Lahoz considera que esta medida \u201cviola el derecho de igualdad ante la ley\u201d y cuestion\u00f3 el criterio utilizado por los inspectores para sancionar a su comercio.<\/p>\n<p>El due\u00f1o del local sostuvo que \u201cest\u00e1 fallando la actuaci\u00f3n municipal\u201d y apunt\u00f3 directamente contra la \u201cburocracia estatal\u201d que, seg\u00fan \u00e9l, traba a quienes quieren trabajar en regla.<\/p>\n<p>Adem\u00e1s, denunci\u00f3 que el procedimiento fue irregular: \u201cActuaron mal porque, estando clausurado el local, Bromatolog\u00eda ingres\u00f3 y confisc\u00f3 la mercader\u00eda\u201d, afirm\u00f3 Lahoz durante la entrevista radial.<\/p>\n<p>Lahoz defendi\u00f3 el funcionamiento de su negocio en horario nocturno y remarc\u00f3 que presta un servicio a vecinos, trabajadores y remiseros que circulan de madrugada. Tambi\u00e9n se\u00f1al\u00f3 que el comercio genera puestos de trabajo en la ciudad.<\/p>\n<p>Hasta el cierre de esta nota, no hubo comunicaci\u00f3n oficial del \u00e1rea de Comercio ni de Bromatolog\u00eda sobre el caso. Extraoficialmente, las actuaciones municipales estar\u00edan vinculadas a controles de habilitaci\u00f3n y condiciones de salubridad.<\/p>\n<p>El caso vuelve a poner sobre la mesa la falta de una ordenanza espec\u00edfica que regule a los comercios 24 hs en Paso de los Libres. Mientras el expediente administrativo avanza, Lahoz anticip\u00f3 que continuar\u00e1 reclamando por lo que considera una \u201csanci\u00f3n desmedida\u201d y un \u201cprocedimiento fuera de lugar\u201d.<\/p>\n<p>Fuente : Impacto Corrientes<\/p>\n","protected":false},"excerpt":{"rendered":"<p>LOCALES | PASO DE LOS LIBRES Lunes 27 de Abril de 2026 &nbsp; El propietario de un comercio 24 hs, Jos\u00e9 Lahoz, mantiene un conflicto con el Municipio de Paso de los Libres tras recibir una sanci\u00f3n y el decomiso de mercader\u00eda. Lahoz expuso su postura en una entrevista brindada al programa Impacto Corrientes. Seg\u00fan [&hellip;]<\/p>\n","protected":false},"author":2,"featured_media":9329,"comment_status":"open","ping_status":"open","sticky":false,"template":"","format":"standard","meta":{"footnotes":""},"categories":[77],"tags":[],"class_list":{"0":"post-9328","1":"post","2":"type-post","3":"status-publish","4":"format-standard","5":"has-post-thumbnail","7":"category-paso-de-los-libres"},"_links":{"self":[{"href":"https:\/\/elpueblonoticia.com.ar\/web\/wp-json\/wp\/v2\/posts\/9328","targetHints":{"allow":["GET"]}}],"collection":[{"href":"https:\/\/elpueblonoticia.com.ar\/web\/wp-json\/wp\/v2\/posts"}],"about":[{"href":"https:\/\/elpueblonoticia.com.ar\/web\/wp-json\/wp\/v2\/types\/post"}],"author":[{"embeddable":true,"href":"https:\/\/elpueblonoticia.com.ar\/web\/wp-json\/wp\/v2\/users\/2"}],"replies":[{"embeddable":true,"href":"https:\/\/elpueblonoticia.com.ar\/web\/wp-json\/wp\/v2\/comments?post=9328"}],"version-history":[{"count":1,"href":"https:\/\/elpueblonoticia.com.ar\/web\/wp-json\/wp\/v2\/posts\/9328\/revisions"}],"predecessor-version":[{"id":9330,"href":"https:\/\/elpueblonoticia.com.ar\/web\/wp-json\/wp\/v2\/posts\/9328\/revisions\/9330"}],"wp:featuredmedia":[{"embeddable":true,"href":"https:\/\/elpueblonoticia.com.ar\/web\/wp-json\/wp\/v2\/media\/9329"}],"wp:attachment":[{"href":"https:\/\/elpueblonoticia.com.ar\/web\/wp-json\/wp\/v2\/media?parent=9328"}],"wp:term":[{"taxonomy":"category","embeddable":true,"href":"https:\/\/elpueblonoticia.com.ar\/web\/wp-json\/wp\/v2\/categories?post=9328"},{"taxonomy":"post_tag","embeddable":true,"href":"https:\/\/elpueblonoticia.com.ar\/web\/wp-json\/wp\/v2\/tags?post=9328"}],"curies":[{"name":"wp","href":"https:\/\/api.w.org\/{rel}","templated":true}]}}