{"id":9313,"date":"2026-04-27T09:03:07","date_gmt":"2026-04-27T12:03:07","guid":{"rendered":"https:\/\/elpueblonoticia.com.ar\/web\/?p=9313"},"modified":"2026-04-27T09:03:07","modified_gmt":"2026-04-27T12:03:07","slug":"surubi-cultural-con-un-especial-rescate-emotivo-homenaje-a-rodolfo-insaurralde-con-una-muestra-en-casa-de-la-cultura","status":"publish","type":"post","link":"https:\/\/elpueblonoticia.com.ar\/web\/2026\/04\/27\/surubi-cultural-con-un-especial-rescate-emotivo-homenaje-a-rodolfo-insaurralde-con-una-muestra-en-casa-de-la-cultura\/","title":{"rendered":"Surubi Cultural con un especial rescate emotivo: Homenaje a Rodolfo Insaurralde con una muestra en Casa de la Cultura"},"content":{"rendered":"<div id=\"modalIntrotext\">\n<div>La Municipalidad de Goya, a trav\u00e9s de la Direcci\u00f3n de Cultura en conjunto con los compa\u00f1eros de promoci\u00f3n del \u00b481 de la Escuela Nacional de Comercio, actual Colegio Roberto I. L\u00f3pez Alvarado, invitan a toda la comunidad a participar del Surub\u00ed Cultural &#8220;Homenaje a Rodolfo Insaurralde&#8221;, una propuesta que pone en valor la trayectoria y el legado de uno de los artistas pl\u00e1sticos m\u00e1s destacados de la regi\u00f3n.<\/div>\n<div><\/div>\n<div>La iniciativa contempla la exposici\u00f3n de 20 obras pict\u00f3ricas de Rodolfo Insaurralde, quien a lo largo de su carrera supo plasmar, con su inconfundible estilo, piezas de gran calidad art\u00edstica que trascendieron fronteras y fueron reconocidas en distintas ciudades del mundo.<\/p>\n<p>La muestra abrir\u00e1 sus puertas el lunes 27 de abril a las 20 horas en la Casa de la Cultura, con entrada libre y gratuita, constituy\u00e9ndose en una oportunidad \u00fanica para que vecinos y visitantes puedan apreciar el talento y la sensibilidad de un artista que dej\u00f3 una huella imborrable en el \u00e1mbito cultural.<\/p>\n<\/div>\n<\/div>\n","protected":false},"excerpt":{"rendered":"<p>La Municipalidad de Goya, a trav\u00e9s de la Direcci\u00f3n de Cultura en conjunto con los compa\u00f1eros de promoci\u00f3n del \u00b481 de la Escuela Nacional de Comercio, actual Colegio Roberto I. L\u00f3pez Alvarado, invitan a toda la comunidad a participar del Surub\u00ed Cultural &#8220;Homenaje a Rodolfo Insaurralde&#8221;, una propuesta que pone en valor la trayectoria y [&hellip;]<\/p>\n","protected":false},"author":2,"featured_media":9310,"comment_status":"open","ping_status":"open","sticky":false,"template":"","format":"standard","meta":{"footnotes":""},"categories":[56],"tags":[],"class_list":{"0":"post-9313","1":"post","2":"type-post","3":"status-publish","4":"format-standard","5":"has-post-thumbnail","7":"category-locales"},"_links":{"self":[{"href":"https:\/\/elpueblonoticia.com.ar\/web\/wp-json\/wp\/v2\/posts\/9313","targetHints":{"allow":["GET"]}}],"collection":[{"href":"https:\/\/elpueblonoticia.com.ar\/web\/wp-json\/wp\/v2\/posts"}],"about":[{"href":"https:\/\/elpueblonoticia.com.ar\/web\/wp-json\/wp\/v2\/types\/post"}],"author":[{"embeddable":true,"href":"https:\/\/elpueblonoticia.com.ar\/web\/wp-json\/wp\/v2\/users\/2"}],"replies":[{"embeddable":true,"href":"https:\/\/elpueblonoticia.com.ar\/web\/wp-json\/wp\/v2\/comments?post=9313"}],"version-history":[{"count":1,"href":"https:\/\/elpueblonoticia.com.ar\/web\/wp-json\/wp\/v2\/posts\/9313\/revisions"}],"predecessor-version":[{"id":9315,"href":"https:\/\/elpueblonoticia.com.ar\/web\/wp-json\/wp\/v2\/posts\/9313\/revisions\/9315"}],"wp:featuredmedia":[{"embeddable":true,"href":"https:\/\/elpueblonoticia.com.ar\/web\/wp-json\/wp\/v2\/media\/9310"}],"wp:attachment":[{"href":"https:\/\/elpueblonoticia.com.ar\/web\/wp-json\/wp\/v2\/media?parent=9313"}],"wp:term":[{"taxonomy":"category","embeddable":true,"href":"https:\/\/elpueblonoticia.com.ar\/web\/wp-json\/wp\/v2\/categories?post=9313"},{"taxonomy":"post_tag","embeddable":true,"href":"https:\/\/elpueblonoticia.com.ar\/web\/wp-json\/wp\/v2\/tags?post=9313"}],"curies":[{"name":"wp","href":"https:\/\/api.w.org\/{rel}","templated":true}]}}