{"id":9294,"date":"2026-04-27T07:48:36","date_gmt":"2026-04-27T10:48:36","guid":{"rendered":"https:\/\/elpueblonoticia.com.ar\/web\/?p=9294"},"modified":"2026-04-27T07:48:36","modified_gmt":"2026-04-27T10:48:36","slug":"la-cgt-ratifico-la-marcha-del-30-de-abril-en-contra-del-gobierno-y-advirtio-que-va-a-escalar-la-conflictividad","status":"publish","type":"post","link":"https:\/\/elpueblonoticia.com.ar\/web\/2026\/04\/27\/la-cgt-ratifico-la-marcha-del-30-de-abril-en-contra-del-gobierno-y-advirtio-que-va-a-escalar-la-conflictividad\/","title":{"rendered":"La CGT ratific\u00f3 la marcha del 30 de abril en contra del Gobierno y advirti\u00f3 que va a escalar la conflictividad"},"content":{"rendered":"<div id=\"modalIntrotext\">\n<div>\u201c\u00bfD\u00f3nde est\u00e1n las 15 millones de personas que sacaron de la pobreza? Cada vez vemos m\u00e1s gente en la marginalidad&#8221;, asegur\u00f3 el titular de la central obrera, Cristian Jer\u00f3nimo.<\/div>\n<div><\/div>\n<div>\n<section id=\"modalArticulo\" class=\"hidden\">\n<div class=\"contenido\">\n<div id=\"modalFulltext\"><\/div>\n<div>\u00a0 \u00a0 \u00a0El 30 de abril, en la previa al D\u00eda del Trabajador, la Confederaci\u00f3n General del Trabajo (CGT) har\u00e1 una nueva movilizaci\u00f3n con reclamos hacia el Gobierno. Entre los principales puntos est\u00e1n las cr\u00edticas a la p\u00e9rdida de poder adquisitivo y el cuestionamiento a uno de los jueces que dej\u00f3 sin efecto el fallo que suspend\u00eda la aplicaci\u00f3n de la reforma laboral.<\/p>\n<p>\u201cLo que acaba de suceder con el fallo que dej\u00f3 en suspenso la reforma laboral es aberrante. Despu\u00e9s, con total obscenidad, aparece al otro d\u00eda en el Bolet\u00edn Oficial la extensi\u00f3n de uno de los jueces que firm\u00f3 el fallo. Pone un grado de gravedad institucional y genera dudas que no ayudan a los procesos institucionales y democr\u00e1ticos de la Argentina\u201d, dijo en declaraciones radiales Cristian Jer\u00f3nimo, uno de los secretarios generales de la central obrera.<\/p>\n<p>Si bien Jer\u00f3nimo cuestion\u00f3 la decisi\u00f3n de la C\u00e1mara, volvi\u00f3 a poner el foco en la propia reforma. \u201cEs totalmente maliciosa y va en contra de nuestra carta magna, desde ese lugar no estamos dispuestos a retroceder ni a resignarnos. Est\u00e1 trabajando nuestro equipo jur\u00eddico para ver c\u00f3mo vamos a actuar. Seguiremos dando la discusi\u00f3n, sabemos que tenemos la raz\u00f3n. Est\u00e1 a la vista que todos los art\u00edculos planteados no aportan a la armonizaci\u00f3n laboral, todo lo contrario: oprimen derechos\u201d.<\/p>\n<p>Jeronimo tambi\u00e9n apunt\u00f3 contra los gobernadores \u201cque no levantan la voz repudiando este proceso que tanto da\u00f1o le est\u00e1 haciendo a la Rep\u00fablica Argentina\u201d.<\/p>\n<p>\u201cEl grado de obscenidad, c\u00f3mo hicieron las cosas, no solamente indigna sino que molesta. Est\u00e1n jugando con la vida de los trabajadores, porque cuando se les quitan derechos, se les oprimen los salarios y se les flexibilizan las condiciones laborales, juegan con la dignidad del trabajador y de su familia. Seguramente recusaremos al juez\u201d, insisti\u00f3.<\/p>\n<p>Luego aclar\u00f3 que no hay un paro general previsto, pero que no est\u00e1 descartado debido a los \u00faltimos acontecimientos. \u201cSeguramente la conflictividad va a seguir escalando por la situaci\u00f3n diaria. \u00bfD\u00f3nde est\u00e1n las 15 millones de personas que sacaron de la pobreza? Cada vez vemos m\u00e1s gente en la marginalidad. Este gobierno es muy insensible ante los intereses del pueblo argentino. El clima social va a cambiar, la gente est\u00e1 muy enojada, no le alcanza para llegar a fin de mes\u201c, cuestion\u00f3.<\/p>\n<p>Asimismo, critic\u00f3 los n\u00fameros establecidos por el Gobierno, como la inflaci\u00f3n y los \u00edndices de pobreza, y asegur\u00f3 que entre los pr\u00f3ximos d\u00edas la CGT va a sacar su propio \u00edndice de inflaci\u00f3n.<\/p>\n<p>\u201cQue dejen de mirar su metro cuadrado, lo que pasa en Balcarce 50 no es lo que est\u00e1 pasando en Argentina. No podemos seguir viviendo de esta falacia. Ahora ponen la discusi\u00f3n de Malvinas. Ojal\u00e1 las recuperen, pero que no quieran tapar con eso todo lo que est\u00e1 sucediendo en el pa\u00eds\u201d, a\u00f1adi\u00f3 en di\u00e1logo con Radio con vos.<\/p>\n<p>Sobre el final, Jer\u00f3nimo sostuvo que est\u00e1n trabajando para \u201caportar a la construcci\u00f3n de una alternativa pol\u00edtica\u201d. Consultado acerca de la reuni\u00f3n con el pastor evangelista Dante Gebel, el titular de la CGT respondi\u00f3: \u201cFue una reuni\u00f3n amena que solicit\u00f3 \u00e9l (Gebel) y nosotros accedimos a escucharlo. Vamos a trabajar para escuchar a todos los que quieran aportar para un pa\u00eds distinto\u201d.<\/p>\n<p>Ante esta situaci\u00f3n, insisti\u00f3 en que \u201ctiene que aparecer un candidato\u201d y llam\u00f3 a no quedarse en \u201clo tradicional\u201d. \u201cHay que dejarse de joder en perder el tiempo y beneficiar a la especulaci\u00f3n financiera\u201d, sum\u00f3.<\/p>\n<p>\u201cHay que construir algo muy amplio, convocando a otros actores, no solo del peronismo, y que quieran aportar a una Argentina distinta, que sea inclusiva y genere una expectativa y previsibilidad en el trabajador. La pol\u00edtica est\u00e1 para dignificar y dar derechos\u201d, complet\u00f3.<\/p><\/div>\n<div>\n<div id=\"117986-4\"><\/div>\n<div id=\"117986-6\"><\/div>\n<div id=\"117986-3\"><\/div>\n<\/div>\n<\/div>\n<div class=\"modalRedes\"><\/div>\n<\/section>\n<div><\/div>\n<div id=\"albums\"><\/div>\n<\/div>\n<\/div>\n","protected":false},"excerpt":{"rendered":"<p>\u201c\u00bfD\u00f3nde est\u00e1n las 15 millones de personas que sacaron de la pobreza? Cada vez vemos m\u00e1s gente en la marginalidad&#8221;, asegur\u00f3 el titular de la central obrera, Cristian Jer\u00f3nimo. \u00a0 \u00a0 \u00a0El 30 de abril, en la previa al D\u00eda del Trabajador, la Confederaci\u00f3n General del Trabajo (CGT) har\u00e1 una nueva movilizaci\u00f3n con reclamos hacia [&hellip;]<\/p>\n","protected":false},"author":2,"featured_media":9295,"comment_status":"open","ping_status":"open","sticky":false,"template":"","format":"standard","meta":{"footnotes":""},"categories":[64],"tags":[],"class_list":{"0":"post-9294","1":"post","2":"type-post","3":"status-publish","4":"format-standard","5":"has-post-thumbnail","7":"category-nacionales"},"_links":{"self":[{"href":"https:\/\/elpueblonoticia.com.ar\/web\/wp-json\/wp\/v2\/posts\/9294","targetHints":{"allow":["GET"]}}],"collection":[{"href":"https:\/\/elpueblonoticia.com.ar\/web\/wp-json\/wp\/v2\/posts"}],"about":[{"href":"https:\/\/elpueblonoticia.com.ar\/web\/wp-json\/wp\/v2\/types\/post"}],"author":[{"embeddable":true,"href":"https:\/\/elpueblonoticia.com.ar\/web\/wp-json\/wp\/v2\/users\/2"}],"replies":[{"embeddable":true,"href":"https:\/\/elpueblonoticia.com.ar\/web\/wp-json\/wp\/v2\/comments?post=9294"}],"version-history":[{"count":1,"href":"https:\/\/elpueblonoticia.com.ar\/web\/wp-json\/wp\/v2\/posts\/9294\/revisions"}],"predecessor-version":[{"id":9296,"href":"https:\/\/elpueblonoticia.com.ar\/web\/wp-json\/wp\/v2\/posts\/9294\/revisions\/9296"}],"wp:featuredmedia":[{"embeddable":true,"href":"https:\/\/elpueblonoticia.com.ar\/web\/wp-json\/wp\/v2\/media\/9295"}],"wp:attachment":[{"href":"https:\/\/elpueblonoticia.com.ar\/web\/wp-json\/wp\/v2\/media?parent=9294"}],"wp:term":[{"taxonomy":"category","embeddable":true,"href":"https:\/\/elpueblonoticia.com.ar\/web\/wp-json\/wp\/v2\/categories?post=9294"},{"taxonomy":"post_tag","embeddable":true,"href":"https:\/\/elpueblonoticia.com.ar\/web\/wp-json\/wp\/v2\/tags?post=9294"}],"curies":[{"name":"wp","href":"https:\/\/api.w.org\/{rel}","templated":true}]}}