{"id":9291,"date":"2026-04-26T23:07:43","date_gmt":"2026-04-27T02:07:43","guid":{"rendered":"https:\/\/elpueblonoticia.com.ar\/web\/?p=9291"},"modified":"2026-04-26T23:07:43","modified_gmt":"2026-04-27T02:07:43","slug":"caso-vanacor-surgirian-nuevos-datos-de-la-apertura-del-telefono","status":"publish","type":"post","link":"https:\/\/elpueblonoticia.com.ar\/web\/2026\/04\/26\/caso-vanacor-surgirian-nuevos-datos-de-la-apertura-del-telefono\/","title":{"rendered":"CASO VANACOR: SURGIR\u00cdAN NUEVOS DATOS DE LA APERTURA DEL TEL\u00c9FONO"},"content":{"rendered":"<p><strong>Judiciales<\/strong><\/p>\n<p>Domingo 26 de Abril de 2026<\/p>\n<p>La causa que investiga la muerte de Banacor podr\u00eda sumar novedades en los pr\u00f3ximos d\u00edas a partir del an\u00e1lisis del contenido del tel\u00e9fono de la v\u00edctima. Seg\u00fan informaci\u00f3n a la que accedi\u00f3 la familia, en los audios, mensajes y chats resguardados en el dispositivo aparecer\u00eda el nombre de un nuevo deudor.<\/p>\n<p>Se tratar\u00eda de una persona cuyo sobrenombre ser\u00eda \u201cPulga\u201d y que llevar\u00eda un doble apellido. De acuerdo a los primeros datos, esta persona residir\u00eda en Paso de los Libres y tendr\u00eda v\u00ednculo familiar con un concejal de la ciudad.<\/p>\n<p>Informaci\u00f3n en proceso de confirmaci\u00f3n<br \/>\nDesde el entorno de la familia indicaron que los datos surgen de la reciente apertura del tel\u00e9fono y a\u00fan deben ser corroborados de manera oficial. Por ese motivo, todas las versiones se manejan en potencial hasta que la Justicia confirme la veracidad de los mensajes y la identidad del presunto deudor.<\/p>\n<p>La familia habr\u00eda tomado conocimiento de estos elementos a trav\u00e9s de los avances de la pericia inform\u00e1tica realizada sobre el dispositivo de Banacor. El contenido incluir\u00eda conversaciones que har\u00edan referencia a una deuda de dinero existente antes del fallecimiento.<\/p>\n<p>Pr\u00f3ximos pasos<br \/>\nEl equipo legal que representa a la familia continuar\u00e1 con el an\u00e1lisis de la prueba digital. Se espera que durante la semana pr\u00f3xima se puedan conocer mayores precisiones una vez que el contenido del tel\u00e9fono sea incorporado formalmente al expediente.<\/p>\n<p>El representante legal de la familia Banacor brindar\u00eda m\u00e1s detalles sobre esta l\u00ednea de investigaci\u00f3n en los pr\u00f3ximos d\u00edas, una vez que se avance con la confirmaci\u00f3n de los datos que surgieron de los peritajes.<\/p>\n<p>Fuente : La Ma\u00f1ana de Activa FM101.7<\/p>\n","protected":false},"excerpt":{"rendered":"<p>Judiciales Domingo 26 de Abril de 2026 La causa que investiga la muerte de Banacor podr\u00eda sumar novedades en los pr\u00f3ximos d\u00edas a partir del an\u00e1lisis del contenido del tel\u00e9fono de la v\u00edctima. Seg\u00fan informaci\u00f3n a la que accedi\u00f3 la familia, en los audios, mensajes y chats resguardados en el dispositivo aparecer\u00eda el nombre de [&hellip;]<\/p>\n","protected":false},"author":2,"featured_media":9292,"comment_status":"open","ping_status":"open","sticky":false,"template":"","format":"standard","meta":{"footnotes":""},"categories":[77],"tags":[],"class_list":{"0":"post-9291","1":"post","2":"type-post","3":"status-publish","4":"format-standard","5":"has-post-thumbnail","7":"category-paso-de-los-libres"},"_links":{"self":[{"href":"https:\/\/elpueblonoticia.com.ar\/web\/wp-json\/wp\/v2\/posts\/9291","targetHints":{"allow":["GET"]}}],"collection":[{"href":"https:\/\/elpueblonoticia.com.ar\/web\/wp-json\/wp\/v2\/posts"}],"about":[{"href":"https:\/\/elpueblonoticia.com.ar\/web\/wp-json\/wp\/v2\/types\/post"}],"author":[{"embeddable":true,"href":"https:\/\/elpueblonoticia.com.ar\/web\/wp-json\/wp\/v2\/users\/2"}],"replies":[{"embeddable":true,"href":"https:\/\/elpueblonoticia.com.ar\/web\/wp-json\/wp\/v2\/comments?post=9291"}],"version-history":[{"count":1,"href":"https:\/\/elpueblonoticia.com.ar\/web\/wp-json\/wp\/v2\/posts\/9291\/revisions"}],"predecessor-version":[{"id":9293,"href":"https:\/\/elpueblonoticia.com.ar\/web\/wp-json\/wp\/v2\/posts\/9291\/revisions\/9293"}],"wp:featuredmedia":[{"embeddable":true,"href":"https:\/\/elpueblonoticia.com.ar\/web\/wp-json\/wp\/v2\/media\/9292"}],"wp:attachment":[{"href":"https:\/\/elpueblonoticia.com.ar\/web\/wp-json\/wp\/v2\/media?parent=9291"}],"wp:term":[{"taxonomy":"category","embeddable":true,"href":"https:\/\/elpueblonoticia.com.ar\/web\/wp-json\/wp\/v2\/categories?post=9291"},{"taxonomy":"post_tag","embeddable":true,"href":"https:\/\/elpueblonoticia.com.ar\/web\/wp-json\/wp\/v2\/tags?post=9291"}],"curies":[{"name":"wp","href":"https:\/\/api.w.org\/{rel}","templated":true}]}}