{"id":9288,"date":"2026-04-26T21:14:27","date_gmt":"2026-04-27T00:14:27","guid":{"rendered":"https:\/\/elpueblonoticia.com.ar\/web\/?p=9288"},"modified":"2026-04-26T21:14:27","modified_gmt":"2026-04-27T00:14:27","slug":"causa-baez-martelli-a-3-meses-del-choque-la-familia-exige-que-la-justicia-investigue-a-todos-los-ocupantes-del-auto","status":"publish","type":"post","link":"https:\/\/elpueblonoticia.com.ar\/web\/2026\/04\/26\/causa-baez-martelli-a-3-meses-del-choque-la-familia-exige-que-la-justicia-investigue-a-todos-los-ocupantes-del-auto\/","title":{"rendered":"CAUSA B\u00c1EZ MARTELLI: A 3 MESES DEL CHOQUE, LA FAMILIA EXIGE QUE LA JUSTICIA INVESTIGUE A TODOS LOS OCUPANTES DEL AUTO"},"content":{"rendered":"<p><strong>Judiciales<\/strong><\/p>\n<p>Domingo 26 de Abril de 2026<\/p>\n<p>El pr\u00f3ximo 7 de mayo se cumplir\u00e1n tres meses del siniestro vial que dej\u00f3 a Mauro B\u00e1ez Martelli en grave estado en la esquina de Rivadavia y Bonpland. Mientras el joven contin\u00faa su rehabilitaci\u00f3n en el Hospital de Campa\u00f1a para recuperar el habla, la causa judicial avanza con demoras que generan malestar en la familia y en la comunidad.<\/p>\n<p>Un solo imputado y tres acompa\u00f1antes sin respuestas<br \/>\nHasta hoy, la Justicia solo imput\u00f3 al conductor del veh\u00edculo que protagoniz\u00f3 el hecho el 7 de febrero de 2026. Sin embargo, a\u00fan no hay novedades sobre la situaci\u00f3n procesal de los otros tres ocupantes que iban en el mismo auto aquella madrugada.<\/p>\n<p>La falta de acci\u00f3n de oficio contra los acompa\u00f1antes es el principal reclamo. Para la familia, no solo quien manejaba tiene responsabilidad: tambi\u00e9n quienes estaban en el veh\u00edculo y no asistieron a la v\u00edctima tras el impacto.<\/p>\n<p>La querella busca avanzar por \u201cabandono de persona\u201d<br \/>\nAnte la inacci\u00f3n judicial, los abogados de la familia B\u00e1ez Martelli decidieron impulsar la causa. Seg\u00fan pudo saber Contenidos Libres, el equipo legal trabaja en el encuadre jur\u00eddico para que los otros tres j\u00f3venes sean procesados bajo la figura de abandono de persona.<\/p>\n<p>\u201cEs inadmisible que a 90 d\u00edas del hecho la Justicia no haya citado ni investigado a todos los que estuvieron ah\u00ed. La querella tiene que hacer el trabajo que deber\u00eda hacer el fiscal de oficio\u201d, se\u00f1alaron allegados a la causa.<\/p>\n<p>\u201cJusticia completa, no a medias\u201d<br \/>\nMauro sigue peleando d\u00eda a d\u00eda por volver a su vida normal. Mientras tanto, la familia cuestiona: \u00bfPor qu\u00e9 deben ser ellos quienes empujen cada paso del expediente? \u00bfPor qu\u00e9 el silencio judicial ampara a los acompa\u00f1antes?<\/p>\n<p>El pedido es uno solo: que los cuatro ocupantes del auto rindan cuentas ante la Justicia, tanto por lo que hicieron como por lo que omitieron despu\u00e9s del choque.<\/p>\n<p>Fuente : Contenidos Libres<\/p>\n<p>#PasoDeLosLibres #ElPuebloNoticias #Justicia #Policiales #ContenidosLibres<\/p>\n","protected":false},"excerpt":{"rendered":"<p>Judiciales Domingo 26 de Abril de 2026 El pr\u00f3ximo 7 de mayo se cumplir\u00e1n tres meses del siniestro vial que dej\u00f3 a Mauro B\u00e1ez Martelli en grave estado en la esquina de Rivadavia y Bonpland. Mientras el joven contin\u00faa su rehabilitaci\u00f3n en el Hospital de Campa\u00f1a para recuperar el habla, la causa judicial avanza con [&hellip;]<\/p>\n","protected":false},"author":2,"featured_media":9289,"comment_status":"open","ping_status":"open","sticky":false,"template":"","format":"standard","meta":{"footnotes":""},"categories":[77],"tags":[],"class_list":{"0":"post-9288","1":"post","2":"type-post","3":"status-publish","4":"format-standard","5":"has-post-thumbnail","7":"category-paso-de-los-libres"},"_links":{"self":[{"href":"https:\/\/elpueblonoticia.com.ar\/web\/wp-json\/wp\/v2\/posts\/9288","targetHints":{"allow":["GET"]}}],"collection":[{"href":"https:\/\/elpueblonoticia.com.ar\/web\/wp-json\/wp\/v2\/posts"}],"about":[{"href":"https:\/\/elpueblonoticia.com.ar\/web\/wp-json\/wp\/v2\/types\/post"}],"author":[{"embeddable":true,"href":"https:\/\/elpueblonoticia.com.ar\/web\/wp-json\/wp\/v2\/users\/2"}],"replies":[{"embeddable":true,"href":"https:\/\/elpueblonoticia.com.ar\/web\/wp-json\/wp\/v2\/comments?post=9288"}],"version-history":[{"count":1,"href":"https:\/\/elpueblonoticia.com.ar\/web\/wp-json\/wp\/v2\/posts\/9288\/revisions"}],"predecessor-version":[{"id":9290,"href":"https:\/\/elpueblonoticia.com.ar\/web\/wp-json\/wp\/v2\/posts\/9288\/revisions\/9290"}],"wp:featuredmedia":[{"embeddable":true,"href":"https:\/\/elpueblonoticia.com.ar\/web\/wp-json\/wp\/v2\/media\/9289"}],"wp:attachment":[{"href":"https:\/\/elpueblonoticia.com.ar\/web\/wp-json\/wp\/v2\/media?parent=9288"}],"wp:term":[{"taxonomy":"category","embeddable":true,"href":"https:\/\/elpueblonoticia.com.ar\/web\/wp-json\/wp\/v2\/categories?post=9288"},{"taxonomy":"post_tag","embeddable":true,"href":"https:\/\/elpueblonoticia.com.ar\/web\/wp-json\/wp\/v2\/tags?post=9288"}],"curies":[{"name":"wp","href":"https:\/\/api.w.org\/{rel}","templated":true}]}}