{"id":9280,"date":"2026-04-24T19:59:10","date_gmt":"2026-04-24T22:59:10","guid":{"rendered":"https:\/\/elpueblonoticia.com.ar\/web\/?p=9280"},"modified":"2026-04-24T19:59:10","modified_gmt":"2026-04-24T22:59:10","slug":"principio-de-incendio-en-un-camion-que-transitaba-con-destino-a-concordia","status":"publish","type":"post","link":"https:\/\/elpueblonoticia.com.ar\/web\/2026\/04\/24\/principio-de-incendio-en-un-camion-que-transitaba-con-destino-a-concordia\/","title":{"rendered":"Principio de incendio en un cami\u00f3n que transitaba con destino a Concordia"},"content":{"rendered":"<p><strong>Policiales<\/strong><\/p>\n<p>Viernes 24 de Abril de 2026<\/p>\n<div id=\"main\" class=\"bloque\">\n<div class=\"cont-nota\">\n<article class=\"cont-cuerpo\">\n<section class=\"texto \">Es una zona que limita con el acceso y egreso en el sur de la provincia de Corrientes. A la altura del kil\u00f3metro 321, el incidente se report\u00f3 este viernes 24 de abril por la ma\u00f1ana.<\/p>\n<p>En el lugar se constat\u00f3 que un cami\u00f3n Ford, modelo 1932, color blanco, conducido por un hombre de 27 a\u00f1os, domiciliado en Chajar\u00ed, quien manifiesta que se encontraba transitando con destino hacia Concordia Entre R\u00edos y que en un momento observa que se inici\u00f3 un incendio en la rueda trasera izquierda del semirremolque en el cual transportaba bines para c\u00edtricos.<\/p>\n<p>Llegaron hasta all\u00ed personal de la caminera, y Bomberos quienes junto a las personas que detuvieron su marcha para ayudar lograron sofocar las llamas.<\/p>\n<p>El tr\u00e1nsito qued\u00f3 parcialmente suspendido a fines de transbordar la carga y no hubo lesionados.<\/p>\n<figure class=\"embed\"><img decoding=\"async\" class=\"\" src=\"https:\/\/www.corrienteshoy.com\/galeria\/fotos\/2026\/04\/24\/o_1777070977_65565.jpg\" alt=\"\" data-src=\"https:\/\/www.corrienteshoy.com\/galeria\/fotos\/2026\/04\/24\/o_1777070977_65565.jpg\" \/><\/figure>\n<figure class=\"embed\"><\/figure>\n<div id=\"MediumRectangle_2\" class=\"banner-in-text\">\n<div id=\"sas_1777071099496rnd\"><\/div>\n<\/div>\n<div id=\"MobileRectangle_3\" class=\"banner-in-text\"><\/div>\n<\/section>\n<div class=\"banner banner-768\" data-zone=\"160\" data-banner=\"post\">\n<div id=\"mf-banner-ad-interior-4\">\n<div id=\"Leaderboard_3\">\n<div id=\"sas_1777071099669rnd\"><\/div>\n<\/div>\n<\/div>\n<\/div>\n<\/article>\n<\/div>\n<\/div>\n","protected":false},"excerpt":{"rendered":"<p>Policiales Viernes 24 de Abril de 2026 Es una zona que limita con el acceso y egreso en el sur de la provincia de Corrientes. A la altura del kil\u00f3metro 321, el incidente se report\u00f3 este viernes 24 de abril por la ma\u00f1ana. En el lugar se constat\u00f3 que un cami\u00f3n Ford, modelo 1932, color [&hellip;]<\/p>\n","protected":false},"author":2,"featured_media":9281,"comment_status":"open","ping_status":"open","sticky":false,"template":"","format":"standard","meta":{"footnotes":""},"categories":[68],"tags":[],"class_list":{"0":"post-9280","1":"post","2":"type-post","3":"status-publish","4":"format-standard","5":"has-post-thumbnail","7":"category-policiales-nacionales"},"_links":{"self":[{"href":"https:\/\/elpueblonoticia.com.ar\/web\/wp-json\/wp\/v2\/posts\/9280","targetHints":{"allow":["GET"]}}],"collection":[{"href":"https:\/\/elpueblonoticia.com.ar\/web\/wp-json\/wp\/v2\/posts"}],"about":[{"href":"https:\/\/elpueblonoticia.com.ar\/web\/wp-json\/wp\/v2\/types\/post"}],"author":[{"embeddable":true,"href":"https:\/\/elpueblonoticia.com.ar\/web\/wp-json\/wp\/v2\/users\/2"}],"replies":[{"embeddable":true,"href":"https:\/\/elpueblonoticia.com.ar\/web\/wp-json\/wp\/v2\/comments?post=9280"}],"version-history":[{"count":1,"href":"https:\/\/elpueblonoticia.com.ar\/web\/wp-json\/wp\/v2\/posts\/9280\/revisions"}],"predecessor-version":[{"id":9282,"href":"https:\/\/elpueblonoticia.com.ar\/web\/wp-json\/wp\/v2\/posts\/9280\/revisions\/9282"}],"wp:featuredmedia":[{"embeddable":true,"href":"https:\/\/elpueblonoticia.com.ar\/web\/wp-json\/wp\/v2\/media\/9281"}],"wp:attachment":[{"href":"https:\/\/elpueblonoticia.com.ar\/web\/wp-json\/wp\/v2\/media?parent=9280"}],"wp:term":[{"taxonomy":"category","embeddable":true,"href":"https:\/\/elpueblonoticia.com.ar\/web\/wp-json\/wp\/v2\/categories?post=9280"},{"taxonomy":"post_tag","embeddable":true,"href":"https:\/\/elpueblonoticia.com.ar\/web\/wp-json\/wp\/v2\/tags?post=9280"}],"curies":[{"name":"wp","href":"https:\/\/api.w.org\/{rel}","templated":true}]}}