{"id":9264,"date":"2026-04-24T11:27:39","date_gmt":"2026-04-24T14:27:39","guid":{"rendered":"https:\/\/elpueblonoticia.com.ar\/web\/?p=9264"},"modified":"2026-04-24T11:27:39","modified_gmt":"2026-04-24T14:27:39","slug":"los-judiciales-paran-hoy-por-reclamos-salariales","status":"publish","type":"post","link":"https:\/\/elpueblonoticia.com.ar\/web\/2026\/04\/24\/los-judiciales-paran-hoy-por-reclamos-salariales\/","title":{"rendered":"Los judiciales paran hoy por reclamos salariales"},"content":{"rendered":"<p><strong>Judiciales<\/strong><\/p>\n<p>Viernes 24 de Abril de 2026<\/p>\n<div class=\"xdj266r x14z9mp xat24cr x1lziwak x1vvkbs x126k92a\">\n<div dir=\"auto\">El dirigente Juan Jos\u00e9 Ferreyra se\u00f1al\u00f3 que el reclamo salarial se mantiene sin avances y afecta directamente el poder adquisitivo de los trabajadores. A esto se suma la denuncia por la imposibilidad de que el representante sindical asuma en el directorio de la obra social del sector, situaci\u00f3n que califican como irregular.<\/div>\n<\/div>\n<div class=\"x14z9mp xat24cr x1lziwak x1vvkbs xtlvy1s x126k92a\">\n<div dir=\"auto\">En el plano local, el conflicto tambi\u00e9n pone el foco en el Juzgado Federal de Goya, donde el gremio denuncia presuntas situaciones de hostigamiento laboral hacia empleados bajo la \u00f3rbita de la jueza Cristina Pozzer Penzo. Desde la UEJN aseguran que existen testimonios que respaldan estas denuncias y cuestionan la falta de intervenci\u00f3n del Consejo de la Magistratura.<\/div>\n<\/div>\n<div class=\"x14z9mp xat24cr x1lziwak x1vvkbs xtlvy1s x126k92a\">\n<div dir=\"auto\">Como parte de las acciones, el sindicato anunci\u00f3 una movilizaci\u00f3n para el pr\u00f3ximo 5 de mayo en Corrientes, con la participaci\u00f3n de trabajadores de distintas delegaciones, entre ellas Paso de los Libres y Goya. Se prev\u00e9 adem\u00e1s la presencia del secretario general nacional, Julio Piumato, en una convocatoria que busca visibilizar el conflicto y exigir respuestas institucionales.<\/div>\n<\/div>\n<div class=\"x14z9mp xat24cr x1lziwak x1vvkbs xtlvy1s x126k92a\">\n<div dir=\"auto\">(Con informaci\u00f3n de El Libertador)<\/div>\n<\/div>\n","protected":false},"excerpt":{"rendered":"<p>Judiciales Viernes 24 de Abril de 2026 El dirigente Juan Jos\u00e9 Ferreyra se\u00f1al\u00f3 que el reclamo salarial se mantiene sin avances y afecta directamente el poder adquisitivo de los trabajadores. A esto se suma la denuncia por la imposibilidad de que el representante sindical asuma en el directorio de la obra social del sector, situaci\u00f3n [&hellip;]<\/p>\n","protected":false},"author":2,"featured_media":9265,"comment_status":"open","ping_status":"open","sticky":false,"template":"","format":"standard","meta":{"footnotes":""},"categories":[77],"tags":[],"class_list":{"0":"post-9264","1":"post","2":"type-post","3":"status-publish","4":"format-standard","5":"has-post-thumbnail","7":"category-paso-de-los-libres"},"_links":{"self":[{"href":"https:\/\/elpueblonoticia.com.ar\/web\/wp-json\/wp\/v2\/posts\/9264","targetHints":{"allow":["GET"]}}],"collection":[{"href":"https:\/\/elpueblonoticia.com.ar\/web\/wp-json\/wp\/v2\/posts"}],"about":[{"href":"https:\/\/elpueblonoticia.com.ar\/web\/wp-json\/wp\/v2\/types\/post"}],"author":[{"embeddable":true,"href":"https:\/\/elpueblonoticia.com.ar\/web\/wp-json\/wp\/v2\/users\/2"}],"replies":[{"embeddable":true,"href":"https:\/\/elpueblonoticia.com.ar\/web\/wp-json\/wp\/v2\/comments?post=9264"}],"version-history":[{"count":1,"href":"https:\/\/elpueblonoticia.com.ar\/web\/wp-json\/wp\/v2\/posts\/9264\/revisions"}],"predecessor-version":[{"id":9266,"href":"https:\/\/elpueblonoticia.com.ar\/web\/wp-json\/wp\/v2\/posts\/9264\/revisions\/9266"}],"wp:featuredmedia":[{"embeddable":true,"href":"https:\/\/elpueblonoticia.com.ar\/web\/wp-json\/wp\/v2\/media\/9265"}],"wp:attachment":[{"href":"https:\/\/elpueblonoticia.com.ar\/web\/wp-json\/wp\/v2\/media?parent=9264"}],"wp:term":[{"taxonomy":"category","embeddable":true,"href":"https:\/\/elpueblonoticia.com.ar\/web\/wp-json\/wp\/v2\/categories?post=9264"},{"taxonomy":"post_tag","embeddable":true,"href":"https:\/\/elpueblonoticia.com.ar\/web\/wp-json\/wp\/v2\/tags?post=9264"}],"curies":[{"name":"wp","href":"https:\/\/api.w.org\/{rel}","templated":true}]}}