{"id":9251,"date":"2026-04-24T10:10:50","date_gmt":"2026-04-24T13:10:50","guid":{"rendered":"https:\/\/elpueblonoticia.com.ar\/web\/?p=9251"},"modified":"2026-04-24T10:10:50","modified_gmt":"2026-04-24T13:10:50","slug":"alerta-por-un-super-nino-especialistas-de-la-unne-advierten-que-podria-ser-tan-intenso-como-el-de-1997-1998","status":"publish","type":"post","link":"https:\/\/elpueblonoticia.com.ar\/web\/2026\/04\/24\/alerta-por-un-super-nino-especialistas-de-la-unne-advierten-que-podria-ser-tan-intenso-como-el-de-1997-1998\/","title":{"rendered":"Alerta por un &#8220;S\u00faper Ni\u00f1o&#8221;: especialistas de la UNNE advierten que podr\u00eda ser tan intenso como el de 1997-1998"},"content":{"rendered":"<div class=\"article__headline\"><strong>Juan Jos\u00e9 Neiff, investigador del CONICET y referente de la UNNE, se\u00f1al\u00f3 que el calentamiento del oc\u00e9ano Pac\u00edfico ya supera los 2 grados por encima de la media. Advierten por lluvias extremas, inundaciones y olas de calor prolongadas.<\/strong><\/div>\n<p>&nbsp;<\/p>\n<p>El escenario clim\u00e1tico para el pr\u00f3ximo semestre en el Litoral argentino se presenta complejo. De acuerdo con\u00a0<strong>Juan Jos\u00e9 Neiff<\/strong>, mag\u00edster en Ecolog\u00eda Acu\u00e1tica y profesor de la UNNE, los modelos internacionales \u2014incluyendo los de la Universidad de Columbia y la NOAA\u2014 confirman la consolidaci\u00f3n de un fen\u00f3meno de\u00a0<strong>El Ni\u00f1o<\/strong>\u00a0con caracter\u00edsticas de gran escala, que podr\u00eda situarse entre los m\u00e1s intensos de las \u00faltimas d\u00e9cadas.<\/p>\n<p>Seg\u00fan el especialista, la temperatura en el Pac\u00edfico ecuatorial ya muestra anomal\u00edas t\u00e9rmicas significativas. &#8220;La capa superficial de 100 metros ya est\u00e1\u00a0<strong>2 grados por encima de la media hist\u00f3rica<\/strong>\u00a0y podr\u00eda llegar a\u00a0<strong>+3 grados<\/strong>\u00a0entre diciembre y enero&#8221;, explic\u00f3.<\/p>\n<p>Este incremento de temperatura potencia la evaporaci\u00f3n y, por consiguiente, el volumen de precipitaciones sobre la\u00a0<strong>Cuenca del Plata<\/strong>.<\/p>\n<h2><strong>El mecanismo detr\u00e1s del fen\u00f3meno<\/strong><\/h2>\n<p>Neiff detall\u00f3 que el sistema clim\u00e1tico global se rige por la interacci\u00f3n entre la radiaci\u00f3n solar y los oc\u00e9anos, que cubren el 78% del planeta.<\/p>\n<ul>\n<li><strong>El Ni\u00f1o:<\/strong>\u00a0se produce cuando hay mayor radiaci\u00f3n solar y calentamiento oce\u00e1nico, lo que genera mayor evaporaci\u00f3n, lluvias intensas y crecidas de r\u00edos como el\u00a0<strong>Paran\u00e1 y el Paraguay<\/strong>.<\/li>\n<li><strong>La Ni\u00f1a:<\/strong>\u00a0ocurre con menor radiaci\u00f3n y temperaturas oce\u00e1nicas por debajo de la media, provocando sequ\u00edas extremas como la registrada entre 2019 y 2023.<\/li>\n<\/ul>\n<p>El investigador remarc\u00f3 que, si bien estos eventos se repiten cada dos a siete a\u00f1os, la gravedad depende de la\u00a0<strong>intensidad<\/strong>\u00a0y la\u00a0<strong>duraci\u00f3n<\/strong>\u00a0del calentamiento. &#8220;No es solo cu\u00e1nto sube la temperatura, sino cu\u00e1nto tiempo se mantiene elevada&#8221;, indic\u00f3.<\/p>\n<h2><strong>El fantasma de 1997-1998<\/strong><\/h2>\n<p>La preocupaci\u00f3n de los expertos radica en que los modelos actuales anticipan un evento similar al registrado a fines de la d\u00e9cada del 90. Aquel &#8220;S\u00faper Ni\u00f1o&#8221; provoc\u00f3 el anegamiento del\u00a0<strong>35% del territorio correntino<\/strong>\u00a0y una inundaci\u00f3n hist\u00f3rica en la ciudad de\u00a0<strong>Goya<\/strong>.<\/p>\n<p><strong>&#8220;Creemos que va a ser un Ni\u00f1o muy importante, quiz\u00e1s semejante al de 1997-1998&#8221;<\/strong>, advirti\u00f3 Neiff a radio UNNE, aunque aclar\u00f3 que se trata de pron\u00f3sticos basados en 35 fuentes internacionales. La ventana de mayor impacto se extender\u00eda desde\u00a0<strong>mayo de 2026 hasta principios de 2027<\/strong>.<\/p>\n<h2><strong>Vulnerabilidad urbana y prevenci\u00f3n<\/strong><\/h2>\n<p>Uno de los puntos m\u00e1s cr\u00edticos se\u00f1alados es la situaci\u00f3n de ciudades construidas en zonas bajas como\u00a0<strong>Resistencia, Clorinda o Reconquista<\/strong>.<\/p>\n<p>Neiff explic\u00f3 que estas localidades enfrentan un &#8220;doble problema&#8221;: la posibilidad de que los r\u00edos sobrepasen las defensas y el efecto &#8220;palangana&#8221;, donde la acumulaci\u00f3n de lluvia local inunda las calles si los sistemas de bombeo fallan.<\/p>\n<p><strong>Recomendaciones para la ciudadan\u00eda:<\/strong><\/p>\n<ul>\n<li><strong>Gesti\u00f3n de residuos:<\/strong>\u00a0no tirar basura en la v\u00eda p\u00fablica para evitar el colapso de las\u00a0<strong>bocas de tormenta<\/strong>.<\/li>\n<li><strong>Mantenimiento:<\/strong>\u00a0limpiar desag\u00fces pluviales en los hogares.<\/li>\n<li><strong>Previsi\u00f3n:<\/strong>\u00a0contar con stock de medicamentos y provisiones b\u00e1sicas, especialmente en familias con adultos mayores, ante posibles cortes de rutas por erosi\u00f3n h\u00eddrica.<\/li>\n<\/ul>\n<p>Finalmente, respecto a los riesgos sanitarios como el\u00a0<strong>dengue o la leptospirosis<\/strong>, el especialista inst\u00f3 a la cautela: &#8220;Es l\u00f3gico que con m\u00e1s humedad aumenten los mosquitos, pero no hay una relaci\u00f3n autom\u00e1tica. Hay que alertar, pero no alarmar&#8221;, concluy\u00f3.<\/p>\n","protected":false},"excerpt":{"rendered":"<p>Juan Jos\u00e9 Neiff, investigador del CONICET y referente de la UNNE, se\u00f1al\u00f3 que el calentamiento del oc\u00e9ano Pac\u00edfico ya supera los 2 grados por encima de la media. Advierten por lluvias extremas, inundaciones y olas de calor prolongadas. &nbsp; El escenario clim\u00e1tico para el pr\u00f3ximo semestre en el Litoral argentino se presenta complejo. De acuerdo [&hellip;]<\/p>\n","protected":false},"author":2,"featured_media":9252,"comment_status":"open","ping_status":"open","sticky":false,"template":"","format":"standard","meta":{"footnotes":""},"categories":[78],"tags":[],"class_list":{"0":"post-9251","1":"post","2":"type-post","3":"status-publish","4":"format-standard","5":"has-post-thumbnail","7":"category-generales"},"_links":{"self":[{"href":"https:\/\/elpueblonoticia.com.ar\/web\/wp-json\/wp\/v2\/posts\/9251","targetHints":{"allow":["GET"]}}],"collection":[{"href":"https:\/\/elpueblonoticia.com.ar\/web\/wp-json\/wp\/v2\/posts"}],"about":[{"href":"https:\/\/elpueblonoticia.com.ar\/web\/wp-json\/wp\/v2\/types\/post"}],"author":[{"embeddable":true,"href":"https:\/\/elpueblonoticia.com.ar\/web\/wp-json\/wp\/v2\/users\/2"}],"replies":[{"embeddable":true,"href":"https:\/\/elpueblonoticia.com.ar\/web\/wp-json\/wp\/v2\/comments?post=9251"}],"version-history":[{"count":1,"href":"https:\/\/elpueblonoticia.com.ar\/web\/wp-json\/wp\/v2\/posts\/9251\/revisions"}],"predecessor-version":[{"id":9253,"href":"https:\/\/elpueblonoticia.com.ar\/web\/wp-json\/wp\/v2\/posts\/9251\/revisions\/9253"}],"wp:featuredmedia":[{"embeddable":true,"href":"https:\/\/elpueblonoticia.com.ar\/web\/wp-json\/wp\/v2\/media\/9252"}],"wp:attachment":[{"href":"https:\/\/elpueblonoticia.com.ar\/web\/wp-json\/wp\/v2\/media?parent=9251"}],"wp:term":[{"taxonomy":"category","embeddable":true,"href":"https:\/\/elpueblonoticia.com.ar\/web\/wp-json\/wp\/v2\/categories?post=9251"},{"taxonomy":"post_tag","embeddable":true,"href":"https:\/\/elpueblonoticia.com.ar\/web\/wp-json\/wp\/v2\/tags?post=9251"}],"curies":[{"name":"wp","href":"https:\/\/api.w.org\/{rel}","templated":true}]}}