{"id":9243,"date":"2026-04-24T09:52:20","date_gmt":"2026-04-24T12:52:20","guid":{"rendered":"https:\/\/elpueblonoticia.com.ar\/web\/?p=9243"},"modified":"2026-04-24T09:52:20","modified_gmt":"2026-04-24T12:52:20","slug":"el-presidente-ratifico-que-acompanara-a-adorni-al-congreso-y-que-ira-por-un-segundo-mandato","status":"publish","type":"post","link":"https:\/\/elpueblonoticia.com.ar\/web\/2026\/04\/24\/el-presidente-ratifico-que-acompanara-a-adorni-al-congreso-y-que-ira-por-un-segundo-mandato\/","title":{"rendered":"El Presidente ratific\u00f3 que acompa\u00f1ar\u00e1 a Adorni al Congreso y que ir\u00e1 por un segundo mandato"},"content":{"rendered":"<div id=\"modalIntrotext\">\n<div>El presidente Javier Milei ratific\u00f3 este jueves que acompa\u00f1ar\u00e1 a su jefe de Gabinete la pr\u00f3xima semana cuando se presente ante el Congreso para brindar su informe de gesti\u00f3n. Adem\u00e1s, reiter\u00f3 que buscar\u00e1 la reelecci\u00f3n en 2027.<\/div>\n<div><\/div>\n<div><\/div>\n<div><\/div>\n<div>\n<section id=\"modalArticulo\" class=\"hidden\">\n<div class=\"contenido\">\n<div id=\"modalFulltext\">&#8220;Voy a ir, no tengan dudas. Voy a ir a la exposici\u00f3n de Manuel (Adorni) a escuchar a mi jefe de Gabinete&#8221;, manifest\u00f3 el mandatario en di\u00e1logo con Neura. A su vez, le rest\u00f3 peso a las posibles preguntas de la oposici\u00f3n sobre la causa por enriquecimiento il\u00edcito en su contra y remarc\u00f3 que Adorni &#8220;dar\u00e1 las respuestas que correspondan&#8221;. &#8220;La Justicia est\u00e1 trabajando tranquila y se van cumpliendo todos los pasos. Nosotros estamos muy tranquilos&#8221;, agreg\u00f3.<\/p>\n<p>En paralelo, consultado sobre si planea competir en 2027 por la reelecci\u00f3n, sentenci\u00f3: &#8220;Yo me voy a presentar. Voy a aplicar a otro mandato si siento que hice las cosas bien. Eso despu\u00e9s lo decide la gente&#8221;.<\/p><\/div>\n<div>\n<div id=\"117986-4\"><\/div>\n<div id=\"117986-6\"><\/div>\n<div id=\"117986-3\"><\/div>\n<\/div>\n<\/div>\n<div class=\"modalRedes\"><\/div>\n<\/section>\n<div><\/div>\n<div id=\"albums\"><\/div>\n<\/div>\n<\/div>\n","protected":false},"excerpt":{"rendered":"<p>El presidente Javier Milei ratific\u00f3 este jueves que acompa\u00f1ar\u00e1 a su jefe de Gabinete la pr\u00f3xima semana cuando se presente ante el Congreso para brindar su informe de gesti\u00f3n. Adem\u00e1s, reiter\u00f3 que buscar\u00e1 la reelecci\u00f3n en 2027. &#8220;Voy a ir, no tengan dudas. Voy a ir a la exposici\u00f3n de Manuel (Adorni) a escuchar a [&hellip;]<\/p>\n","protected":false},"author":2,"featured_media":9244,"comment_status":"open","ping_status":"open","sticky":false,"template":"","format":"standard","meta":{"footnotes":""},"categories":[64],"tags":[],"class_list":{"0":"post-9243","1":"post","2":"type-post","3":"status-publish","4":"format-standard","5":"has-post-thumbnail","7":"category-nacionales"},"_links":{"self":[{"href":"https:\/\/elpueblonoticia.com.ar\/web\/wp-json\/wp\/v2\/posts\/9243","targetHints":{"allow":["GET"]}}],"collection":[{"href":"https:\/\/elpueblonoticia.com.ar\/web\/wp-json\/wp\/v2\/posts"}],"about":[{"href":"https:\/\/elpueblonoticia.com.ar\/web\/wp-json\/wp\/v2\/types\/post"}],"author":[{"embeddable":true,"href":"https:\/\/elpueblonoticia.com.ar\/web\/wp-json\/wp\/v2\/users\/2"}],"replies":[{"embeddable":true,"href":"https:\/\/elpueblonoticia.com.ar\/web\/wp-json\/wp\/v2\/comments?post=9243"}],"version-history":[{"count":1,"href":"https:\/\/elpueblonoticia.com.ar\/web\/wp-json\/wp\/v2\/posts\/9243\/revisions"}],"predecessor-version":[{"id":9245,"href":"https:\/\/elpueblonoticia.com.ar\/web\/wp-json\/wp\/v2\/posts\/9243\/revisions\/9245"}],"wp:featuredmedia":[{"embeddable":true,"href":"https:\/\/elpueblonoticia.com.ar\/web\/wp-json\/wp\/v2\/media\/9244"}],"wp:attachment":[{"href":"https:\/\/elpueblonoticia.com.ar\/web\/wp-json\/wp\/v2\/media?parent=9243"}],"wp:term":[{"taxonomy":"category","embeddable":true,"href":"https:\/\/elpueblonoticia.com.ar\/web\/wp-json\/wp\/v2\/categories?post=9243"},{"taxonomy":"post_tag","embeddable":true,"href":"https:\/\/elpueblonoticia.com.ar\/web\/wp-json\/wp\/v2\/tags?post=9243"}],"curies":[{"name":"wp","href":"https:\/\/api.w.org\/{rel}","templated":true}]}}