{"id":9239,"date":"2026-04-24T09:37:36","date_gmt":"2026-04-24T12:37:36","guid":{"rendered":"https:\/\/elpueblonoticia.com.ar\/web\/?p=9239"},"modified":"2026-04-24T09:37:36","modified_gmt":"2026-04-24T12:37:36","slug":"goya-se-prepara-para-la-carrera-fiesta-nacional-del-surubi","status":"publish","type":"post","link":"https:\/\/elpueblonoticia.com.ar\/web\/2026\/04\/24\/goya-se-prepara-para-la-carrera-fiesta-nacional-del-surubi\/","title":{"rendered":"GOYA SE PREPARA PARA LA &#8220;CARRERA FIESTA NACIONAL DEL SURUB\u00cd&#8221;"},"content":{"rendered":"<p><strong>A una semana del inicio del Mundial De Pesca, se alista la &#8220;Carrera Fiesta Nacional del Surub\u00ed&#8221;. El pr\u00f3ximo domingo 26 de abril, a partir de las 8:30 hs, las instalaciones de la Prefectura Naval Argentina ser\u00e1n el punto de partida de esta iniciativa que busca fusionar el esp\u00edritu deportivo con la fiesta mayor de Goya.<\/strong><\/p>\n<p>&nbsp;<\/p>\n<p>La carrera, organizada por la Direcci\u00f3n de Deportes de la Municipalidad de Goya y la Prefectura Naval Argentina, ofrecer\u00e1 distancias para todos los niveles: 3 km (participativa), 5 km y 10 km (competitivas). Adem\u00e1s, se ha implementado una categor\u00eda especial de 5 km &#8220;Interfuerzas&#8221; para fomentar la camarader\u00eda entre las fuerzas de seguridad de Goya: Prefectura, Gendarmer\u00eda, Ej\u00e9rcito, Polic\u00eda de la Provincia y Polic\u00eda Federal.<\/p>\n<p>El prefecto Sebasti\u00e1n Regondi, en declaraciones a Radio Ciudad, destac\u00f3 la colaboraci\u00f3n con el director de Deportes Alejandro Lago para crear un evento que beneficie tanto a los habitantes de Goya como a los turistas, ofreciendo una actividad adicional dentro de la agenda de la fiesta. &#8220;La idea es buscar el lado deportivo y apoyar a aquel goyano y al atleta en s\u00ed, darle un marco deportivo y sumarle un granito de arena a la agenda de la Fiesta Nacional del Surub\u00ed &#8220;, dijo Regondi.<\/p>\n<p>Detalles de la Carrera:<\/p>\n<p>Fecha: Domingo 26 de abril.<\/p>\n<p>Hora de Largada: 8:30.<\/p>\n<p>Lugar: Instalaciones de Prefectura Naval Argentina.<\/p>\n<p>Distancias: 3 km (participativa), 5 km y 10 km (competitivas).<\/p>\n<p>Categor\u00edas: General Damas y Caballeros (en todas las distancias), 5 km Fuerzas de Goya.<\/p>\n<p>Inscripci\u00f3n: Online a trav\u00e9s de\u00a0<a href=\"https:\/\/yveracrono.com.ar\/...\/1-carrera-en-adhesion-a-la...\/\" data-saferedirecturl=\"&lt;a href=\">https:\/\/www.google.com\/url?q=https<\/a>:\/\/yveracrono.com.ar\/&#8230;\/1-carrera-en-adhesion-a-la&#8230;\/&amp;source=gmail&amp;ust=1776998033693000&amp;usg=AOvVaw2Mi_xjaCi4x7NGP4Q0IkxX&#8221;&gt;<a href=\"https:\/\/yveracrono.com.ar\/...\/1-carrera-en-adhesion-a-la...\/\">https:\/\/yveracrono.com.ar\/&#8230;\/1-carrera-en-adhesion-a-la&#8230;\/<\/a>\u00a0(Cupos Limitados)<\/p>\n<p>Costos: $15.000 (hasta el 24 de abril).<\/p>\n<p>La inscripci\u00f3n incluye n\u00famero con chip, hidrataci\u00f3n, seguro del participante y medalla finisher para todos los corredores. Se entregar\u00e1n trofeos a los tres primeros de la general en cada distancia y medallas por categor\u00edas.<\/p>\n","protected":false},"excerpt":{"rendered":"<p>A una semana del inicio del Mundial De Pesca, se alista la &#8220;Carrera Fiesta Nacional del Surub\u00ed&#8221;. El pr\u00f3ximo domingo 26 de abril, a partir de las 8:30 hs, las instalaciones de la Prefectura Naval Argentina ser\u00e1n el punto de partida de esta iniciativa que busca fusionar el esp\u00edritu deportivo con la fiesta mayor de [&hellip;]<\/p>\n","protected":false},"author":2,"featured_media":9240,"comment_status":"open","ping_status":"open","sticky":false,"template":"","format":"standard","meta":{"footnotes":""},"categories":[56],"tags":[],"class_list":{"0":"post-9239","1":"post","2":"type-post","3":"status-publish","4":"format-standard","5":"has-post-thumbnail","7":"category-locales"},"_links":{"self":[{"href":"https:\/\/elpueblonoticia.com.ar\/web\/wp-json\/wp\/v2\/posts\/9239","targetHints":{"allow":["GET"]}}],"collection":[{"href":"https:\/\/elpueblonoticia.com.ar\/web\/wp-json\/wp\/v2\/posts"}],"about":[{"href":"https:\/\/elpueblonoticia.com.ar\/web\/wp-json\/wp\/v2\/types\/post"}],"author":[{"embeddable":true,"href":"https:\/\/elpueblonoticia.com.ar\/web\/wp-json\/wp\/v2\/users\/2"}],"replies":[{"embeddable":true,"href":"https:\/\/elpueblonoticia.com.ar\/web\/wp-json\/wp\/v2\/comments?post=9239"}],"version-history":[{"count":1,"href":"https:\/\/elpueblonoticia.com.ar\/web\/wp-json\/wp\/v2\/posts\/9239\/revisions"}],"predecessor-version":[{"id":9241,"href":"https:\/\/elpueblonoticia.com.ar\/web\/wp-json\/wp\/v2\/posts\/9239\/revisions\/9241"}],"wp:featuredmedia":[{"embeddable":true,"href":"https:\/\/elpueblonoticia.com.ar\/web\/wp-json\/wp\/v2\/media\/9240"}],"wp:attachment":[{"href":"https:\/\/elpueblonoticia.com.ar\/web\/wp-json\/wp\/v2\/media?parent=9239"}],"wp:term":[{"taxonomy":"category","embeddable":true,"href":"https:\/\/elpueblonoticia.com.ar\/web\/wp-json\/wp\/v2\/categories?post=9239"},{"taxonomy":"post_tag","embeddable":true,"href":"https:\/\/elpueblonoticia.com.ar\/web\/wp-json\/wp\/v2\/tags?post=9239"}],"curies":[{"name":"wp","href":"https:\/\/api.w.org\/{rel}","templated":true}]}}