{"id":9232,"date":"2026-04-24T09:01:13","date_gmt":"2026-04-24T12:01:13","guid":{"rendered":"https:\/\/elpueblonoticia.com.ar\/web\/?p=9232"},"modified":"2026-04-24T09:01:13","modified_gmt":"2026-04-24T12:01:13","slug":"un-operativo-cerrojo-de-prefectura-logro-desbaratar-contrabando","status":"publish","type":"post","link":"https:\/\/elpueblonoticia.com.ar\/web\/2026\/04\/24\/un-operativo-cerrojo-de-prefectura-logro-desbaratar-contrabando\/","title":{"rendered":"Un operativo cerrojo de prefectura logr\u00f3 desbaratar contrabando"},"content":{"rendered":"<p><strong>Policial<\/strong><\/p>\n<p>Viernes 24 de Abril de 2026<\/p>\n<div class=\"xdj266r x14z9mp xat24cr x1lziwak x1vvkbs x126k92a\">\n<div dir=\"auto\">En la madrugada de hoy, pese a las inclemencias clim\u00e1ticas, personal de Prefectura Paso de los Libres junto a la Delegaci\u00f3n de Inteligencia Criminal de la Prefectura Zona Alto Uruguay logr\u00f3 desarticular una maniobra de contrabando desde la costa del r\u00edo Uruguay con destino al Puente Internacional.<\/div>\n<\/div>\n<div class=\"x14z9mp xat24cr x1lziwak x1vvkbs xtlvy1s x126k92a\">\n<div dir=\"auto\">El operativo se inici\u00f3 a partir de tareas de inteligencia que alertaron sobre el posible traslado hacia Brasil de mercader\u00eda en infracci\u00f3n a la Ley 22.415. A partir de ello, se realiz\u00f3 un seguimiento que permiti\u00f3 interceptar a un hombre mayor de edad, de nacionalidad argentina, quien cargaba bultos desde la costa hacia su veh\u00edculo, sin lograr egresar del pa\u00eds.<\/div>\n<\/div>\n<div class=\"x14z9mp xat24cr x1lziwak x1vvkbs xtlvy1s x126k92a\">\n<div dir=\"auto\">En presencia de testigos y con la colaboraci\u00f3n de personal de Aduana, se procedi\u00f3 a la apertura de los bultos, constat\u00e1ndose que conten\u00edan prendas de vestir: pantalones tipo jeans, remeras de manga larga, calzas, buzos, conjuntos y chalecos para ni\u00f1os, adem\u00e1s de gorros polares. Asimismo, se secuestr\u00f3 un autom\u00f3vil Volkswagen Polo, modelo 2005.<\/div>\n<\/div>\n<div class=\"x14z9mp xat24cr x1lziwak x1vvkbs xtlvy1s x126k92a\">\n<div dir=\"auto\">El valor total de la mercader\u00eda incautada asciende a $20.107.000.<\/div>\n<\/div>\n<div class=\"x14z9mp xat24cr x1lziwak x1vvkbs xtlvy1s x126k92a\">\n<div dir=\"auto\">Interviene la Fiscal\u00eda Federal de la ciudad, que dispuso el inicio de actuaciones judiciales, el secuestro del veh\u00edculo y de la mercader\u00eda, y la notificaci\u00f3n de imputaci\u00f3n al involucrado, quien qued\u00f3 supeditado a la causa.<\/div>\n<\/div>\n","protected":false},"excerpt":{"rendered":"<p>Policial Viernes 24 de Abril de 2026 En la madrugada de hoy, pese a las inclemencias clim\u00e1ticas, personal de Prefectura Paso de los Libres junto a la Delegaci\u00f3n de Inteligencia Criminal de la Prefectura Zona Alto Uruguay logr\u00f3 desarticular una maniobra de contrabando desde la costa del r\u00edo Uruguay con destino al Puente Internacional. El [&hellip;]<\/p>\n","protected":false},"author":2,"featured_media":9233,"comment_status":"open","ping_status":"open","sticky":false,"template":"","format":"standard","meta":{"footnotes":""},"categories":[77],"tags":[],"class_list":{"0":"post-9232","1":"post","2":"type-post","3":"status-publish","4":"format-standard","5":"has-post-thumbnail","7":"category-paso-de-los-libres"},"_links":{"self":[{"href":"https:\/\/elpueblonoticia.com.ar\/web\/wp-json\/wp\/v2\/posts\/9232","targetHints":{"allow":["GET"]}}],"collection":[{"href":"https:\/\/elpueblonoticia.com.ar\/web\/wp-json\/wp\/v2\/posts"}],"about":[{"href":"https:\/\/elpueblonoticia.com.ar\/web\/wp-json\/wp\/v2\/types\/post"}],"author":[{"embeddable":true,"href":"https:\/\/elpueblonoticia.com.ar\/web\/wp-json\/wp\/v2\/users\/2"}],"replies":[{"embeddable":true,"href":"https:\/\/elpueblonoticia.com.ar\/web\/wp-json\/wp\/v2\/comments?post=9232"}],"version-history":[{"count":1,"href":"https:\/\/elpueblonoticia.com.ar\/web\/wp-json\/wp\/v2\/posts\/9232\/revisions"}],"predecessor-version":[{"id":9234,"href":"https:\/\/elpueblonoticia.com.ar\/web\/wp-json\/wp\/v2\/posts\/9232\/revisions\/9234"}],"wp:featuredmedia":[{"embeddable":true,"href":"https:\/\/elpueblonoticia.com.ar\/web\/wp-json\/wp\/v2\/media\/9233"}],"wp:attachment":[{"href":"https:\/\/elpueblonoticia.com.ar\/web\/wp-json\/wp\/v2\/media?parent=9232"}],"wp:term":[{"taxonomy":"category","embeddable":true,"href":"https:\/\/elpueblonoticia.com.ar\/web\/wp-json\/wp\/v2\/categories?post=9232"},{"taxonomy":"post_tag","embeddable":true,"href":"https:\/\/elpueblonoticia.com.ar\/web\/wp-json\/wp\/v2\/tags?post=9232"}],"curies":[{"name":"wp","href":"https:\/\/api.w.org\/{rel}","templated":true}]}}