{"id":9203,"date":"2026-04-23T12:07:08","date_gmt":"2026-04-23T15:07:08","guid":{"rendered":"https:\/\/elpueblonoticia.com.ar\/web\/?p=9203"},"modified":"2026-04-23T12:07:08","modified_gmt":"2026-04-23T15:07:08","slug":"una-mujer-se-encuentra-en-grave-estado-tras-ser-prendida-fuego-por-su-tio","status":"publish","type":"post","link":"https:\/\/elpueblonoticia.com.ar\/web\/2026\/04\/23\/una-mujer-se-encuentra-en-grave-estado-tras-ser-prendida-fuego-por-su-tio\/","title":{"rendered":"Una mujer se encuentra en grave estado tras ser prendida fuego por su t\u00edo"},"content":{"rendered":"<div>\n<p>Ocurri\u00f3 en la ciudad de Goya. La v\u00edctima tiene 28 a\u00f1os.<\/p>\n<p>Un grave hecho de violencia se registr\u00f3 en la localidad correntina de Goya, en donde una joven de 28 a\u00f1os fue rociada con combustible y posteriormente prendida fuego por su propio t\u00edo.<\/p>\n<p>El ataque se produjo este martes en el barrio Coembot\u00e1. La v\u00edctima habr\u00eda sufrido quemaduras severas en su rostro. Actualmente se encuentra internada en el hospital Regional en el sector de terapia intensiva, seg\u00fan informaron fuentes oficiales.<\/p>\n<p>En tanto, el responsable de la agresi\u00f3n, quien fue identificado con el apellido Fern\u00e1ndez y de 40 a\u00f1os de edad, termin\u00f3 siendo detenido por la polic\u00eda y trasladado a la comisar\u00eda cuarta de la segunda ciudad de la provincia<\/p>\n<\/div>\n","protected":false},"excerpt":{"rendered":"<p>Ocurri\u00f3 en la ciudad de Goya. La v\u00edctima tiene 28 a\u00f1os. Un grave hecho de violencia se registr\u00f3 en la localidad correntina de Goya, en donde una joven de 28 a\u00f1os fue rociada con combustible y posteriormente prendida fuego por su propio t\u00edo. El ataque se produjo este martes en el barrio Coembot\u00e1. La v\u00edctima [&hellip;]<\/p>\n","protected":false},"author":2,"featured_media":9204,"comment_status":"open","ping_status":"open","sticky":false,"template":"","format":"standard","meta":{"footnotes":""},"categories":[56],"tags":[],"class_list":{"0":"post-9203","1":"post","2":"type-post","3":"status-publish","4":"format-standard","5":"has-post-thumbnail","7":"category-locales"},"_links":{"self":[{"href":"https:\/\/elpueblonoticia.com.ar\/web\/wp-json\/wp\/v2\/posts\/9203","targetHints":{"allow":["GET"]}}],"collection":[{"href":"https:\/\/elpueblonoticia.com.ar\/web\/wp-json\/wp\/v2\/posts"}],"about":[{"href":"https:\/\/elpueblonoticia.com.ar\/web\/wp-json\/wp\/v2\/types\/post"}],"author":[{"embeddable":true,"href":"https:\/\/elpueblonoticia.com.ar\/web\/wp-json\/wp\/v2\/users\/2"}],"replies":[{"embeddable":true,"href":"https:\/\/elpueblonoticia.com.ar\/web\/wp-json\/wp\/v2\/comments?post=9203"}],"version-history":[{"count":1,"href":"https:\/\/elpueblonoticia.com.ar\/web\/wp-json\/wp\/v2\/posts\/9203\/revisions"}],"predecessor-version":[{"id":9205,"href":"https:\/\/elpueblonoticia.com.ar\/web\/wp-json\/wp\/v2\/posts\/9203\/revisions\/9205"}],"wp:featuredmedia":[{"embeddable":true,"href":"https:\/\/elpueblonoticia.com.ar\/web\/wp-json\/wp\/v2\/media\/9204"}],"wp:attachment":[{"href":"https:\/\/elpueblonoticia.com.ar\/web\/wp-json\/wp\/v2\/media?parent=9203"}],"wp:term":[{"taxonomy":"category","embeddable":true,"href":"https:\/\/elpueblonoticia.com.ar\/web\/wp-json\/wp\/v2\/categories?post=9203"},{"taxonomy":"post_tag","embeddable":true,"href":"https:\/\/elpueblonoticia.com.ar\/web\/wp-json\/wp\/v2\/tags?post=9203"}],"curies":[{"name":"wp","href":"https:\/\/api.w.org\/{rel}","templated":true}]}}