{"id":9196,"date":"2026-04-23T11:08:02","date_gmt":"2026-04-23T14:08:02","guid":{"rendered":"https:\/\/elpueblonoticia.com.ar\/web\/?p=9196"},"modified":"2026-04-23T11:08:02","modified_gmt":"2026-04-23T14:08:02","slug":"presentan-querella-contra-angel-pacheco-por-lesiones-gravisimas-dolosas-con-dolo-eventual","status":"publish","type":"post","link":"https:\/\/elpueblonoticia.com.ar\/web\/2026\/04\/23\/presentan-querella-contra-angel-pacheco-por-lesiones-gravisimas-dolosas-con-dolo-eventual\/","title":{"rendered":"PRESENTAN QUERELLA CONTRA \u00c1NGEL PACHECO POR \u201cLESIONES GRAV\u00cdSIMAS DOLOSAS CON DOLO EVENTUAL"},"content":{"rendered":"<p><strong>Judiciales<\/strong><\/p>\n<p>Jueves 23 de Abril de 2026<\/p>\n<p>El Dr. Rodrigo Nenda se constituy\u00f3 como querellante en la causa penal contra \u00c1ngel Leonel Pacheco, conductor del rodado que impact\u00f3 contra el veh\u00edculo manejado por Mauro B\u00e1ez Martelli el pasado 7 de febrero, provoc\u00e1ndole lesiones de extrema gravedad.<\/p>\n<p>Nenda radic\u00f3 la denuncia por el presunto delito de \u201cLesiones grav\u00edsimas dolosas con dolo eventual\u201d, figura contemplada en el C\u00f3digo Penal. Desde la querella no descartan solicitar la prisi\u00f3n preventiva del imputado.<\/p>\n<p>Adem\u00e1s, analizar\u00edan extender la acusaci\u00f3n a quienes viajaban con Pacheco al momento del hecho, por la supuesta comisi\u00f3n del delito de \u201cEncubrimiento de abandono de persona\u201d.<\/p>\n<p>El estado de B\u00e1ez Martelli contin\u00faa estable, aunque hasta la fecha no logr\u00f3 recuperar el habla.<\/p>\n<p>Este martes, el Dr. Nenda formaliz\u00f3 la presentaci\u00f3n en el expediente donde la v\u00edctima es B\u00e1ez Martelli, quien el 7 de febrero fue embestido violentamente mientras circulaba en su auto por otro veh\u00edculo conducido por Pacheco, sufriendo heridas grav\u00edsimas.<\/p>\n<p>En ese sentido, la querella eval\u00faa requerir la detenci\u00f3n preventiva de Pacheco.<\/p>\n<p>El 13 de marzo pasado, el fiscal de Investigaciones Concretas, Facundo Sotelo, imput\u00f3 a Pacheco por \u201cLesiones grav\u00edsimas\u201d, delito que prev\u00e9 una escala penal de 3 a 10 a\u00f1os de c\u00e1rcel. Ahora resta conocer si el fiscal adherir\u00e1 a la calificaci\u00f3n planteada por la querella.<\/p>\n<p>Por otro lado, la parte querellante estudia ampliar la denuncia contra los ocupantes del auto que manejaba Pacheco por presunto \u201cEncubrimiento de abandono de persona\u201d.<\/p>\n<p>B\u00e1ez Martelli permanece internado en la capital correntina. Su cuadro es estable, pero a\u00fan no recuper\u00f3 el habla. No puede alimentarse por sus propios medios, permanece despierto por per\u00edodos breves y por momentos logra reconocer a su entorno.<\/p>\n<p>El choque ocurri\u00f3 a las 6:20 del s\u00e1bado 7 de febrero, en el cruce de Rivadavia y Bonpland. B\u00e1ez transitaba por Bonpland cuando fue colisionado con violencia por el autom\u00f3vil guiado por Pacheco, que circulaba por Rivadavia. Tras el impacto, Pacheco se dio a la fuga y se present\u00f3 horas m\u00e1s tarde ante la polic\u00eda.<\/p>\n<p>Por la gravedad de las lesiones, B\u00e1ez fue trasladado al Hospital San Jos\u00e9 y luego derivado de urgencia al Hospital Escuela de Corrientes Capital. Actualmente se encuentra en el Hospital de Campa\u00f1a.<\/p>\n<p>Fuente : Ignacio Villanueva<\/p>\n","protected":false},"excerpt":{"rendered":"<p>Judiciales Jueves 23 de Abril de 2026 El Dr. Rodrigo Nenda se constituy\u00f3 como querellante en la causa penal contra \u00c1ngel Leonel Pacheco, conductor del rodado que impact\u00f3 contra el veh\u00edculo manejado por Mauro B\u00e1ez Martelli el pasado 7 de febrero, provoc\u00e1ndole lesiones de extrema gravedad. Nenda radic\u00f3 la denuncia por el presunto delito de [&hellip;]<\/p>\n","protected":false},"author":2,"featured_media":9197,"comment_status":"open","ping_status":"open","sticky":false,"template":"","format":"standard","meta":{"footnotes":""},"categories":[77],"tags":[],"class_list":{"0":"post-9196","1":"post","2":"type-post","3":"status-publish","4":"format-standard","5":"has-post-thumbnail","7":"category-paso-de-los-libres"},"_links":{"self":[{"href":"https:\/\/elpueblonoticia.com.ar\/web\/wp-json\/wp\/v2\/posts\/9196","targetHints":{"allow":["GET"]}}],"collection":[{"href":"https:\/\/elpueblonoticia.com.ar\/web\/wp-json\/wp\/v2\/posts"}],"about":[{"href":"https:\/\/elpueblonoticia.com.ar\/web\/wp-json\/wp\/v2\/types\/post"}],"author":[{"embeddable":true,"href":"https:\/\/elpueblonoticia.com.ar\/web\/wp-json\/wp\/v2\/users\/2"}],"replies":[{"embeddable":true,"href":"https:\/\/elpueblonoticia.com.ar\/web\/wp-json\/wp\/v2\/comments?post=9196"}],"version-history":[{"count":1,"href":"https:\/\/elpueblonoticia.com.ar\/web\/wp-json\/wp\/v2\/posts\/9196\/revisions"}],"predecessor-version":[{"id":9198,"href":"https:\/\/elpueblonoticia.com.ar\/web\/wp-json\/wp\/v2\/posts\/9196\/revisions\/9198"}],"wp:featuredmedia":[{"embeddable":true,"href":"https:\/\/elpueblonoticia.com.ar\/web\/wp-json\/wp\/v2\/media\/9197"}],"wp:attachment":[{"href":"https:\/\/elpueblonoticia.com.ar\/web\/wp-json\/wp\/v2\/media?parent=9196"}],"wp:term":[{"taxonomy":"category","embeddable":true,"href":"https:\/\/elpueblonoticia.com.ar\/web\/wp-json\/wp\/v2\/categories?post=9196"},{"taxonomy":"post_tag","embeddable":true,"href":"https:\/\/elpueblonoticia.com.ar\/web\/wp-json\/wp\/v2\/tags?post=9196"}],"curies":[{"name":"wp","href":"https:\/\/api.w.org\/{rel}","templated":true}]}}