{"id":9186,"date":"2026-04-23T10:15:29","date_gmt":"2026-04-23T13:15:29","guid":{"rendered":"https:\/\/elpueblonoticia.com.ar\/web\/?p=9186"},"modified":"2026-04-23T10:15:29","modified_gmt":"2026-04-23T13:15:29","slug":"mundial-de-pesca-verificacion-tecnica-de-las-embarcaciones","status":"publish","type":"post","link":"https:\/\/elpueblonoticia.com.ar\/web\/2026\/04\/23\/mundial-de-pesca-verificacion-tecnica-de-las-embarcaciones\/","title":{"rendered":"MUNDIAL DE PESCA: VERIFICACI\u00d3N T\u00c9CNICA DE LAS EMBARCACIONES"},"content":{"rendered":"<div>\n<p><strong>El jefe de la Prefectura Goya, prefecto Marcelo Sebasti\u00e1n Regondi, en contacto con Radio Ciudad asegur\u00f3 que se est\u00e1 trabajando en el despliegue operativo, afinando detalles y coordinando con las prefecturas de la zona para facilitar la verificaci\u00f3n de las embarcaciones participantes.<\/strong><\/p>\n<p>Este a\u00f1o, la Prefectura Bajo Paran\u00e1 estar\u00e1 habilitada para realizar verificaciones desde Baradero hacia el norte del pa\u00eds, agilizando el proceso para los pescadores.<\/p>\n<p>En sus declaraciones, el jefe prefecturiano coment\u00f3: \u201cEstamos con todas las energ\u00edas puestas en funci\u00f3n del Mundial de Pesca, con el plantel completo de nuestra fuerza\u201d. En este sentido inform\u00f3 de la asunci\u00f3n del nuevo suboficial encargado: \u201cAsumi\u00f3 el ayudante principal Miguel \u00c1ngel Zalazar; y estamos organizando el despliegue operativo para la FNS, dependiendo de la din\u00e1mica del r\u00edo, para ver los aspectos de seguridad, para detallar las cuestiones t\u00e9cnicas de las embarcaciones\u201d, precis\u00f3.<\/p>\n<p>En relaci\u00f3n a la verificaci\u00f3n t\u00e9cnica de las lanchas participantes del Mundial de Pesca, anticip\u00f3: \u201cEste a\u00f1o tomamos la decisi\u00f3n, consultada con la superioridad, de ir coordinando con los jefes de prefectura para que los participantes puedan hacerla en su jurisdicci\u00f3n. Esto es, desde Baradero hacia el norte del pa\u00eds, siempre en la costa del Paran\u00e1; podr\u00e1n hacer este tr\u00e1mite y retirar la oblea en la Prefectura Goya\u201d.<\/p>\n<\/div>\n<div class=\"s2s_supra_contenedor lang_directon_right s2sdefault  align_left  s2s_balloon_bottom \">\n<div class=\"s2s_contenedor  s2s_no_text  s2s-btn-group\">\n<div class=\"s2s_twitter s2s_btn s2s-btn-xs \">\n<div class=\"globo s2s_globo_closed s2s_twitter_iframe\"><\/div>\n<\/div>\n<\/div>\n<\/div>\n","protected":false},"excerpt":{"rendered":"<p>El jefe de la Prefectura Goya, prefecto Marcelo Sebasti\u00e1n Regondi, en contacto con Radio Ciudad asegur\u00f3 que se est\u00e1 trabajando en el despliegue operativo, afinando detalles y coordinando con las prefecturas de la zona para facilitar la verificaci\u00f3n de las embarcaciones participantes. Este a\u00f1o, la Prefectura Bajo Paran\u00e1 estar\u00e1 habilitada para realizar verificaciones desde Baradero [&hellip;]<\/p>\n","protected":false},"author":2,"featured_media":9187,"comment_status":"open","ping_status":"open","sticky":false,"template":"","format":"standard","meta":{"footnotes":""},"categories":[56],"tags":[],"class_list":{"0":"post-9186","1":"post","2":"type-post","3":"status-publish","4":"format-standard","5":"has-post-thumbnail","7":"category-locales"},"_links":{"self":[{"href":"https:\/\/elpueblonoticia.com.ar\/web\/wp-json\/wp\/v2\/posts\/9186","targetHints":{"allow":["GET"]}}],"collection":[{"href":"https:\/\/elpueblonoticia.com.ar\/web\/wp-json\/wp\/v2\/posts"}],"about":[{"href":"https:\/\/elpueblonoticia.com.ar\/web\/wp-json\/wp\/v2\/types\/post"}],"author":[{"embeddable":true,"href":"https:\/\/elpueblonoticia.com.ar\/web\/wp-json\/wp\/v2\/users\/2"}],"replies":[{"embeddable":true,"href":"https:\/\/elpueblonoticia.com.ar\/web\/wp-json\/wp\/v2\/comments?post=9186"}],"version-history":[{"count":1,"href":"https:\/\/elpueblonoticia.com.ar\/web\/wp-json\/wp\/v2\/posts\/9186\/revisions"}],"predecessor-version":[{"id":9188,"href":"https:\/\/elpueblonoticia.com.ar\/web\/wp-json\/wp\/v2\/posts\/9186\/revisions\/9188"}],"wp:featuredmedia":[{"embeddable":true,"href":"https:\/\/elpueblonoticia.com.ar\/web\/wp-json\/wp\/v2\/media\/9187"}],"wp:attachment":[{"href":"https:\/\/elpueblonoticia.com.ar\/web\/wp-json\/wp\/v2\/media?parent=9186"}],"wp:term":[{"taxonomy":"category","embeddable":true,"href":"https:\/\/elpueblonoticia.com.ar\/web\/wp-json\/wp\/v2\/categories?post=9186"},{"taxonomy":"post_tag","embeddable":true,"href":"https:\/\/elpueblonoticia.com.ar\/web\/wp-json\/wp\/v2\/tags?post=9186"}],"curies":[{"name":"wp","href":"https:\/\/api.w.org\/{rel}","templated":true}]}}