{"id":9183,"date":"2026-04-23T10:08:11","date_gmt":"2026-04-23T13:08:11","guid":{"rendered":"https:\/\/elpueblonoticia.com.ar\/web\/?p=9183"},"modified":"2026-04-23T10:08:11","modified_gmt":"2026-04-23T13:08:11","slug":"condenaron-a-13-anos-de-carcel-a-marcelo-maximiliano-veron-por-abuso-sexual-contra-una-menor","status":"publish","type":"post","link":"https:\/\/elpueblonoticia.com.ar\/web\/2026\/04\/23\/condenaron-a-13-anos-de-carcel-a-marcelo-maximiliano-veron-por-abuso-sexual-contra-una-menor\/","title":{"rendered":"CONDENARON A 13 A\u00d1OS DE C\u00c1RCEL A MARCELO MAXIMILIANO VER\u00d3N POR ABUSO SEXUAL CONTRA UNA MENOR"},"content":{"rendered":"<p><strong>Judiciales<\/strong><\/p>\n<p>Jueves 23 de Abril de 2026<\/p>\n<p>El Tribunal de Juicio declar\u00f3 culpable a Marcelo Maximiliano Ver\u00f3n y le impuso una pena de 13 a\u00f1os de prisi\u00f3n efectiva.<\/p>\n<p>Los cargos fueron: \u201cAbuso sexual gravemente ultrajante por prolongarse en el tiempo y por las condiciones en que ocurri\u00f3, con doble agravante por su rol de guardador\u201d, \u201cAbuso sexual con triple agravante y por el severo perjuicio causado a la salud ps\u00edquica de la v\u00edctima\u201d, y \u201cCorrupci\u00f3n de menores, agravada por la edad de la ni\u00f1a\u201d.<\/p>\n<p>Durante el proceso, la fiscal Dra. Daniela Di Tomaso hab\u00eda requerido 16 a\u00f1os de c\u00e1rcel. La defensa, a cargo del Dr. Miguel \u00c1ngel Ben\u00edtez, reclam\u00f3 la absoluci\u00f3n al alegar \u201cfalta de pruebas suficientes\u201d.<\/p>\n<p>El juez Marcelo Fleitas, presidente del Tribunal, explic\u00f3 de forma resumida que la condena se bas\u00f3 en el testimonio coherente y cre\u00edble de la v\u00edctima, el informe m\u00e9dico que confirm\u00f3 las lesiones compatibles con agresi\u00f3n sexual y un peritaje interdisciplinario de profesionales que valid\u00f3 el relato de la menor.<\/p>\n<p>El debate oral concluy\u00f3 este martes tras una jornada extensa. A las 8 de la ma\u00f1ana comenzaron los alegatos en la sala del Tribunal.<\/p>\n<p>Al cierre, la fiscal Di Tomaso pidi\u00f3 16 a\u00f1os de prisi\u00f3n. La Asesora de Menores, Dra. Fiorella Cusinato, acompa\u00f1\u00f3 el pedido. Por su parte, el defensor Ben\u00edtez solicit\u00f3 que se lo declare inocente por entender que exist\u00eda \u201cinsuficiencia probatoria\u201d y que \u201clos hechos no estaban precisados en cuanto a circunstancias, fecha y lugar\u201d.<\/p>\n<p>Luego de escuchar a las partes, el Tribunal integrado por los Dres. Marcelo Fleitas, Marcelo Pardo y Gustavo Ifran pas\u00f3 a deliberar y resolvi\u00f3 por unanimidad la responsabilidad penal de Ver\u00f3n por los delitos mencionados.<\/p>\n<p>Posteriormente, en la audiencia de \u201ccesura de pena\u201d, se fij\u00f3 la condena en 13 a\u00f1os. Previamente, la defensa hab\u00eda solicitado la pena m\u00ednima tras conocerse el veredicto de culpabilidad.<\/p>\n<p>El Dr. Fleitas se\u00f1al\u00f3 que el relato de la v\u00edctima result\u00f3 veros\u00edmil y consistente, que el informe m\u00e9dico del Dr. Carlos Vizcaino, funcionario policial, acredit\u00f3 las lesiones de \u00edndole sexual, y que un equipo multidisciplinario de salud mental y otras especialidades ratific\u00f3 lo manifestado por la menor. Los fundamentos completos se dar\u00e1n a conocer la semana pr\u00f3xima.<\/p>\n<p>El caso tom\u00f3 estado p\u00fablico en septiembre de 2024, cuando la familia radic\u00f3 la denuncia y Ver\u00f3n se profug\u00f3.<\/p>\n<p>En ese momento, la fiscal Di Tomaso hab\u00eda pedido su captura y que Interpol librara una Alerta Roja, ya que Migraciones registraba su salida hacia Brasil.<\/p>\n<p>Seg\u00fan datos de la Brigada de Investigaciones de la Polic\u00eda de Corrientes, Ver\u00f3n permanec\u00eda oculto en Uruguaiana. La polic\u00eda brasile\u00f1a lo sigui\u00f3 hasta confirmar que hab\u00eda retornado a Paso de los Libres por el puente internacional. Con esa informaci\u00f3n se organiz\u00f3 el operativo y fue detenido al ingresar a la casa de su hermano en barrio Luj\u00e1n, sin ofrecer resistencia. Al ser informado de sus derechos, neg\u00f3 los hechos imputados, aunque luego se abstuvo de declarar ante la justicia.<\/p>\n<p>Fuente : Ignacio Villanueva<\/p>\n","protected":false},"excerpt":{"rendered":"<p>Judiciales Jueves 23 de Abril de 2026 El Tribunal de Juicio declar\u00f3 culpable a Marcelo Maximiliano Ver\u00f3n y le impuso una pena de 13 a\u00f1os de prisi\u00f3n efectiva. Los cargos fueron: \u201cAbuso sexual gravemente ultrajante por prolongarse en el tiempo y por las condiciones en que ocurri\u00f3, con doble agravante por su rol de guardador\u201d, [&hellip;]<\/p>\n","protected":false},"author":2,"featured_media":9184,"comment_status":"open","ping_status":"open","sticky":false,"template":"","format":"standard","meta":{"footnotes":""},"categories":[77],"tags":[],"class_list":{"0":"post-9183","1":"post","2":"type-post","3":"status-publish","4":"format-standard","5":"has-post-thumbnail","7":"category-paso-de-los-libres"},"_links":{"self":[{"href":"https:\/\/elpueblonoticia.com.ar\/web\/wp-json\/wp\/v2\/posts\/9183","targetHints":{"allow":["GET"]}}],"collection":[{"href":"https:\/\/elpueblonoticia.com.ar\/web\/wp-json\/wp\/v2\/posts"}],"about":[{"href":"https:\/\/elpueblonoticia.com.ar\/web\/wp-json\/wp\/v2\/types\/post"}],"author":[{"embeddable":true,"href":"https:\/\/elpueblonoticia.com.ar\/web\/wp-json\/wp\/v2\/users\/2"}],"replies":[{"embeddable":true,"href":"https:\/\/elpueblonoticia.com.ar\/web\/wp-json\/wp\/v2\/comments?post=9183"}],"version-history":[{"count":1,"href":"https:\/\/elpueblonoticia.com.ar\/web\/wp-json\/wp\/v2\/posts\/9183\/revisions"}],"predecessor-version":[{"id":9185,"href":"https:\/\/elpueblonoticia.com.ar\/web\/wp-json\/wp\/v2\/posts\/9183\/revisions\/9185"}],"wp:featuredmedia":[{"embeddable":true,"href":"https:\/\/elpueblonoticia.com.ar\/web\/wp-json\/wp\/v2\/media\/9184"}],"wp:attachment":[{"href":"https:\/\/elpueblonoticia.com.ar\/web\/wp-json\/wp\/v2\/media?parent=9183"}],"wp:term":[{"taxonomy":"category","embeddable":true,"href":"https:\/\/elpueblonoticia.com.ar\/web\/wp-json\/wp\/v2\/categories?post=9183"},{"taxonomy":"post_tag","embeddable":true,"href":"https:\/\/elpueblonoticia.com.ar\/web\/wp-json\/wp\/v2\/tags?post=9183"}],"curies":[{"name":"wp","href":"https:\/\/api.w.org\/{rel}","templated":true}]}}