{"id":9178,"date":"2026-04-23T10:02:29","date_gmt":"2026-04-23T13:02:29","guid":{"rendered":"https:\/\/elpueblonoticia.com.ar\/web\/?p=9178"},"modified":"2026-04-23T10:02:29","modified_gmt":"2026-04-23T13:02:29","slug":"fns-mundialito-de-pesca-de-moncholitos-verdes-en-el-inga","status":"publish","type":"post","link":"https:\/\/elpueblonoticia.com.ar\/web\/2026\/04\/23\/fns-mundialito-de-pesca-de-moncholitos-verdes-en-el-inga\/","title":{"rendered":"FNS: Mundialito de Pesca de Moncholitos Verdes en El Ing\u00e1"},"content":{"rendered":"<div id=\"modalIntrotext\">\n<div><img decoding=\"async\" src=\"https:\/\/www.powernoticias.com\/images\/202604222029491758\" \/><\/div>\n<div><img decoding=\"async\" src=\"https:\/\/www.powernoticias.com\/images\/202604222029353174\" \/><\/div>\n<div>La reconocida barra pesquera Moncholitos Verdes realiza su tradicional concurso de costa en playa El Ing\u00e1, este domingo 26 de abril, una semana antes de la 49\u00b0 Edici\u00f3n de la Fiesta Nacional del Surub\u00ed y convocan a participar a chicos, j\u00f3venes, damas y caballeros. Por la ma\u00f1ana ser\u00e1 el turno de los chicos y por la tarde mayores.<\/div>\n<div><\/div>\n<div><\/div>\n<div>\n<section id=\"modalArticulo\" class=\"hidden\">\n<div class=\"contenido\">\n<div id=\"modalFulltext\">08 horas inscripci\u00f3n<\/p>\n<p>09 horas, se dar\u00e1 inicio al concurso con los primeros inscriptos<\/p>\n<p>10 horas, segundo turno<\/p>\n<p>11 horas tercer turno<\/p>\n<p>Por la tarde a partir de las 14 horas, mayores, juveniles y damas<\/p>\n<\/div>\n<div>\n<div id=\"117986-4\"><\/div>\n<div id=\"117986-6\"><\/div>\n<div id=\"117986-3\"><\/div>\n<\/div>\n<\/div>\n<div class=\"modalRedes\"><\/div>\n<\/section>\n<div><\/div>\n<div id=\"albums\"><\/div>\n<\/div>\n<\/div>\n","protected":false},"excerpt":{"rendered":"<p>La reconocida barra pesquera Moncholitos Verdes realiza su tradicional concurso de costa en playa El Ing\u00e1, este domingo 26 de abril, una semana antes de la 49\u00b0 Edici\u00f3n de la Fiesta Nacional del Surub\u00ed y convocan a participar a chicos, j\u00f3venes, damas y caballeros. Por la ma\u00f1ana ser\u00e1 el turno de los chicos y por [&hellip;]<\/p>\n","protected":false},"author":2,"featured_media":9179,"comment_status":"open","ping_status":"open","sticky":false,"template":"","format":"standard","meta":{"footnotes":""},"categories":[56],"tags":[],"class_list":{"0":"post-9178","1":"post","2":"type-post","3":"status-publish","4":"format-standard","5":"has-post-thumbnail","7":"category-locales"},"_links":{"self":[{"href":"https:\/\/elpueblonoticia.com.ar\/web\/wp-json\/wp\/v2\/posts\/9178","targetHints":{"allow":["GET"]}}],"collection":[{"href":"https:\/\/elpueblonoticia.com.ar\/web\/wp-json\/wp\/v2\/posts"}],"about":[{"href":"https:\/\/elpueblonoticia.com.ar\/web\/wp-json\/wp\/v2\/types\/post"}],"author":[{"embeddable":true,"href":"https:\/\/elpueblonoticia.com.ar\/web\/wp-json\/wp\/v2\/users\/2"}],"replies":[{"embeddable":true,"href":"https:\/\/elpueblonoticia.com.ar\/web\/wp-json\/wp\/v2\/comments?post=9178"}],"version-history":[{"count":1,"href":"https:\/\/elpueblonoticia.com.ar\/web\/wp-json\/wp\/v2\/posts\/9178\/revisions"}],"predecessor-version":[{"id":9180,"href":"https:\/\/elpueblonoticia.com.ar\/web\/wp-json\/wp\/v2\/posts\/9178\/revisions\/9180"}],"wp:featuredmedia":[{"embeddable":true,"href":"https:\/\/elpueblonoticia.com.ar\/web\/wp-json\/wp\/v2\/media\/9179"}],"wp:attachment":[{"href":"https:\/\/elpueblonoticia.com.ar\/web\/wp-json\/wp\/v2\/media?parent=9178"}],"wp:term":[{"taxonomy":"category","embeddable":true,"href":"https:\/\/elpueblonoticia.com.ar\/web\/wp-json\/wp\/v2\/categories?post=9178"},{"taxonomy":"post_tag","embeddable":true,"href":"https:\/\/elpueblonoticia.com.ar\/web\/wp-json\/wp\/v2\/tags?post=9178"}],"curies":[{"name":"wp","href":"https:\/\/api.w.org\/{rel}","templated":true}]}}