{"id":9172,"date":"2026-04-23T09:11:03","date_gmt":"2026-04-23T12:11:03","guid":{"rendered":"https:\/\/elpueblonoticia.com.ar\/web\/?p=9172"},"modified":"2026-04-23T09:11:03","modified_gmt":"2026-04-23T12:11:03","slug":"este-viernes-comienza-el-pago-de-salarios-a-estatales-y-jubilados-de-corrientes","status":"publish","type":"post","link":"https:\/\/elpueblonoticia.com.ar\/web\/2026\/04\/23\/este-viernes-comienza-el-pago-de-salarios-a-estatales-y-jubilados-de-corrientes\/","title":{"rendered":"Este viernes comienza el pago de salarios a estatales y jubilados de Corrientes"},"content":{"rendered":"<p><strong>Info general<\/strong><\/p>\n<p>Viernes 23 de Abril de 2026<\/p>\n<p>El pago de haberes del mes de abril para trabajadores provinciales activos y jubilados ser\u00e1 por terminaci\u00f3n de DNI. La liquidaci\u00f3n de haberes no contempla el 6% de aumento a empleados del Poder Judicial de Corrientes.<\/p>\n<p>Viernes 24\/04 DNI 0 y 1<\/p>\n<p>Lunes 27\/04 DNI 2 y 3<\/p>\n<p>Martes 28\/04 DNI 4 y 5<\/p>\n<p>Mi\u00e9rcoles 29\/04 DNI 6 y 7<\/p>\n<div id=\"MediumRectangle_2\" class=\"banner-in-text\">Jueves 30\/04 DNI 8 y 9<\/div>\n<div><img loading=\"lazy\" decoding=\"async\" class=\"alignnone size-medium wp-image-9173\" src=\"https:\/\/elpueblonoticia.com.ar\/web\/wp-content\/uploads\/2026\/04\/l_1776944377_82170-300x200.jpg\" alt=\"\" width=\"300\" height=\"200\" srcset=\"https:\/\/elpueblonoticia.com.ar\/web\/wp-content\/uploads\/2026\/04\/l_1776944377_82170-300x200.jpg 300w, https:\/\/elpueblonoticia.com.ar\/web\/wp-content\/uploads\/2026\/04\/l_1776944377_82170-768x512.jpg 768w, https:\/\/elpueblonoticia.com.ar\/web\/wp-content\/uploads\/2026\/04\/l_1776944377_82170-630x420.jpg 630w, https:\/\/elpueblonoticia.com.ar\/web\/wp-content\/uploads\/2026\/04\/l_1776944377_82170-696x464.jpg 696w, https:\/\/elpueblonoticia.com.ar\/web\/wp-content\/uploads\/2026\/04\/l_1776944377_82170.jpg 900w\" sizes=\"auto, (max-width: 300px) 100vw, 300px\" \/><\/div>\n","protected":false},"excerpt":{"rendered":"<p>Info general Viernes 23 de Abril de 2026 El pago de haberes del mes de abril para trabajadores provinciales activos y jubilados ser\u00e1 por terminaci\u00f3n de DNI. La liquidaci\u00f3n de haberes no contempla el 6% de aumento a empleados del Poder Judicial de Corrientes. Viernes 24\/04 DNI 0 y 1 Lunes 27\/04 DNI 2 y [&hellip;]<\/p>\n","protected":false},"author":2,"featured_media":9068,"comment_status":"open","ping_status":"open","sticky":false,"template":"","format":"standard","meta":{"footnotes":""},"categories":[72],"tags":[],"class_list":{"0":"post-9172","1":"post","2":"type-post","3":"status-publish","4":"format-standard","5":"has-post-thumbnail","7":"category-provinciales"},"_links":{"self":[{"href":"https:\/\/elpueblonoticia.com.ar\/web\/wp-json\/wp\/v2\/posts\/9172","targetHints":{"allow":["GET"]}}],"collection":[{"href":"https:\/\/elpueblonoticia.com.ar\/web\/wp-json\/wp\/v2\/posts"}],"about":[{"href":"https:\/\/elpueblonoticia.com.ar\/web\/wp-json\/wp\/v2\/types\/post"}],"author":[{"embeddable":true,"href":"https:\/\/elpueblonoticia.com.ar\/web\/wp-json\/wp\/v2\/users\/2"}],"replies":[{"embeddable":true,"href":"https:\/\/elpueblonoticia.com.ar\/web\/wp-json\/wp\/v2\/comments?post=9172"}],"version-history":[{"count":1,"href":"https:\/\/elpueblonoticia.com.ar\/web\/wp-json\/wp\/v2\/posts\/9172\/revisions"}],"predecessor-version":[{"id":9174,"href":"https:\/\/elpueblonoticia.com.ar\/web\/wp-json\/wp\/v2\/posts\/9172\/revisions\/9174"}],"wp:featuredmedia":[{"embeddable":true,"href":"https:\/\/elpueblonoticia.com.ar\/web\/wp-json\/wp\/v2\/media\/9068"}],"wp:attachment":[{"href":"https:\/\/elpueblonoticia.com.ar\/web\/wp-json\/wp\/v2\/media?parent=9172"}],"wp:term":[{"taxonomy":"category","embeddable":true,"href":"https:\/\/elpueblonoticia.com.ar\/web\/wp-json\/wp\/v2\/categories?post=9172"},{"taxonomy":"post_tag","embeddable":true,"href":"https:\/\/elpueblonoticia.com.ar\/web\/wp-json\/wp\/v2\/tags?post=9172"}],"curies":[{"name":"wp","href":"https:\/\/api.w.org\/{rel}","templated":true}]}}