{"id":9169,"date":"2026-04-23T08:49:01","date_gmt":"2026-04-23T11:49:01","guid":{"rendered":"https:\/\/elpueblonoticia.com.ar\/web\/?p=9169"},"modified":"2026-04-23T08:50:37","modified_gmt":"2026-04-23T11:50:37","slug":"la-farsa-politica-en-un-pais-tutelado","status":"publish","type":"post","link":"https:\/\/elpueblonoticia.com.ar\/web\/2026\/04\/23\/la-farsa-politica-en-un-pais-tutelado\/","title":{"rendered":"La farsa pol\u00edtica en un pa\u00eds tutelado"},"content":{"rendered":"<p><strong>Editorial<\/strong><\/p>\n<p>Jueves 23 de Abril de 2026<\/p>\n<p>Por : Rol\u00f3n Javier Adrian<\/p>\n<p>En los territorios coloniales la pol\u00edtica es un espejismo. Por concepto, donde no hay soberan\u00eda tampoco hay disputa real por el poder. El rumbo ya est\u00e1 escrito desde la metr\u00f3poli y la dirigencia local no gobierna: administra directivas.<\/p>\n<p>Argentina funciona bajo esa l\u00f3gica. Lo que llamamos \u201cpol\u00edtica\u201d es una puesta en escena. Da la impresi\u00f3n de que hay confrontaci\u00f3n, pero es teatro: oficialismo y supuestos rivales obedecen, en \u00faltima instancia, a un mismo centro de mando externo.<\/p>\n<p>Eso explica por qu\u00e9 un presidente como Milei puede rebajar la dignidad nacional postr\u00e1ndose ante Netanyahu sin costo pol\u00edtico interno. \u00bfY por qu\u00e9 la oposici\u00f3n no reacciona?<\/p>\n<p>Porque no existe tal oposici\u00f3n. El espacio que se presenta como alternativa tambi\u00e9n tributa al mismo tutelaje. Lo hace con otro discurso, desde otra vereda ideol\u00f3gica, pero tributa igual. Y al estar atado al mismo patr\u00f3n, queda inhabilitado para cuestionar a Milei cuando este se somete a Israel.<\/p>\n<p>Alberto Fern\u00e1ndez recorri\u00f3 el mismo camino. A un mes de asumir, en enero de 2020, su primer destino como jefe de Estado fue ir a rendir pleites\u00eda a Netanyahu.<\/p>\n<p>Repasemos el dato: en 2020, el debut internacional de un presidente argentino no fue Brasil, como manda la costumbre diplom\u00e1tica y la l\u00f3gica regional. Fue Israel. Eso deber\u00eda encender alarmas en cualquier observador atento.<\/p>\n<p>Y deber\u00eda bastar para entender que ac\u00e1 la competencia electoral es cosm\u00e9tica. Cambian los nombres en la boleta, cambian los colores, pero el que decide sigue siendo el mismo.<\/p>\n<p>Cuando el primer viaje presidencial ignora al principal socio y elige al patr\u00f3n geopol\u00edtico, el mensaje es claro: la pol\u00edtica local no define nada. Solo ejecuta.<\/p>\n<p><strong>Credito de la imagen a quien corresponda<\/strong><\/p>\n","protected":false},"excerpt":{"rendered":"<p>Editorial Jueves 23 de Abril de 2026 Por : Rol\u00f3n Javier Adrian En los territorios coloniales la pol\u00edtica es un espejismo. Por concepto, donde no hay soberan\u00eda tampoco hay disputa real por el poder. El rumbo ya est\u00e1 escrito desde la metr\u00f3poli y la dirigencia local no gobierna: administra directivas. Argentina funciona bajo esa l\u00f3gica. [&hellip;]<\/p>\n","protected":false},"author":2,"featured_media":9170,"comment_status":"open","ping_status":"open","sticky":false,"template":"","format":"standard","meta":{"footnotes":""},"categories":[83],"tags":[],"class_list":{"0":"post-9169","1":"post","2":"type-post","3":"status-publish","4":"format-standard","5":"has-post-thumbnail","7":"category-editorial"},"_links":{"self":[{"href":"https:\/\/elpueblonoticia.com.ar\/web\/wp-json\/wp\/v2\/posts\/9169","targetHints":{"allow":["GET"]}}],"collection":[{"href":"https:\/\/elpueblonoticia.com.ar\/web\/wp-json\/wp\/v2\/posts"}],"about":[{"href":"https:\/\/elpueblonoticia.com.ar\/web\/wp-json\/wp\/v2\/types\/post"}],"author":[{"embeddable":true,"href":"https:\/\/elpueblonoticia.com.ar\/web\/wp-json\/wp\/v2\/users\/2"}],"replies":[{"embeddable":true,"href":"https:\/\/elpueblonoticia.com.ar\/web\/wp-json\/wp\/v2\/comments?post=9169"}],"version-history":[{"count":1,"href":"https:\/\/elpueblonoticia.com.ar\/web\/wp-json\/wp\/v2\/posts\/9169\/revisions"}],"predecessor-version":[{"id":9171,"href":"https:\/\/elpueblonoticia.com.ar\/web\/wp-json\/wp\/v2\/posts\/9169\/revisions\/9171"}],"wp:featuredmedia":[{"embeddable":true,"href":"https:\/\/elpueblonoticia.com.ar\/web\/wp-json\/wp\/v2\/media\/9170"}],"wp:attachment":[{"href":"https:\/\/elpueblonoticia.com.ar\/web\/wp-json\/wp\/v2\/media?parent=9169"}],"wp:term":[{"taxonomy":"category","embeddable":true,"href":"https:\/\/elpueblonoticia.com.ar\/web\/wp-json\/wp\/v2\/categories?post=9169"},{"taxonomy":"post_tag","embeddable":true,"href":"https:\/\/elpueblonoticia.com.ar\/web\/wp-json\/wp\/v2\/tags?post=9169"}],"curies":[{"name":"wp","href":"https:\/\/api.w.org\/{rel}","templated":true}]}}