{"id":9163,"date":"2026-04-22T11:51:05","date_gmt":"2026-04-22T14:51:05","guid":{"rendered":"https:\/\/elpueblonoticia.com.ar\/web\/?p=9163"},"modified":"2026-04-22T11:51:05","modified_gmt":"2026-04-22T14:51:05","slug":"6-de-cada-10-ninos-son-pobres-y-la-asistencia-alimentaria-alcanza-niveles-record","status":"publish","type":"post","link":"https:\/\/elpueblonoticia.com.ar\/web\/2026\/04\/22\/6-de-cada-10-ninos-son-pobres-y-la-asistencia-alimentaria-alcanza-niveles-record\/","title":{"rendered":"6 de cada 10 ni\u00f1os son pobres y la asistencia alimentaria alcanza niveles r\u00e9cord"},"content":{"rendered":"<div>\n<p>Aunque los indicadores mostraron una baja reciente, el informe de la UCA se\u00f1ala que las privaciones contin\u00faan, con niveles elevados de asistencia y una tendencia de largo plazo en aumento.<\/p>\n<p>La\u00a0<strong>pobreza en ni\u00f1os y adolescentes lleg\u00f3 al 53,6% en 2025<\/strong>, mientras que la<strong>\u00a0indigencia se ubic\u00f3 en el 10,7%<\/strong>, de acuerdo con la Encuesta de la Deuda Social Argentina (EDSA) de la Universidad Cat\u00f3lica Argentina. Si bien ambos indicadores registraron una baja en los \u00faltimos dos a\u00f1os, el informe advierte que las privaciones y las desigualdades sociales en las infancias persisten, junto con una consolidaci\u00f3n en la necesidad de asistencia.<\/p>\n<p>Desde la casa de estudios se\u00f1alaron que el dato m\u00e1s reciente &#8220;trae alivio, pero no debemos confundir una mejora coyuntural con la soluci\u00f3n de un problema estructural&#8221;. En ese sentido,\u00a0<strong>la serie hist\u00f3rica refleja una tendencia ascendente de la pobreza infantil<\/strong>, con incrementos en contextos de crisis y descensos en per\u00edodos breves de recuperaci\u00f3n, lo que deja como resultado un deterioro sostenido en el largo plazo.<\/p>\n<p>En 2010, la pobreza afectaba al 45,2% de los ni\u00f1os y adolescentes. Luego de una leve baja en 2011 y 2012 (35,7% y 38,4%), comenz\u00f3 un proceso de deterioro casi ininterrumpido, con picos entre 2020 y 2021 (alrededor del 64-65%) y un\u00a0<strong>m\u00e1ximo en 2023, cuando alcanz\u00f3 el 62,9%.<\/strong>\u00a0Aunque en 2024 y 2025 se verific\u00f3 una mejora, la UCA sostuvo que los niveles actuales contin\u00faan muy por encima de los registros de comienzos de la d\u00e9cada pasada.<\/p>\n<p>En el caso de la indigencia, la evoluci\u00f3n muestra un comportamiento similar, aunque con variaciones m\u00e1s marcadas. Parti\u00f3 del 11,4% en 2010, descendi\u00f3 al 8% en 2011-2012 y luego inici\u00f3 una suba sostenida que la llev\u00f3 al 17,7% en 2024, el valor m\u00e1s alto de la serie.\u00a0<strong>En 2025, cay\u00f3 al 10,7%, acerc\u00e1ndose a los niveles observados en 2017 y 2018.<\/strong><\/p>\n<p><strong>Inseguridad alimentaria y asistencia en niveles r\u00e9cord<\/strong><\/p>\n<p>El informe tambi\u00e9n indic\u00f3 que\u00a0<strong>el 28,8% de los ni\u00f1os y adolescentes experiment\u00f3 inseguridad alimentaria en 2025<\/strong>, con un 13,2% en su forma m\u00e1s severa. Si bien estos valores implican una mejora respecto del a\u00f1o anterior, a\u00fan no retornan a los niveles previos a 2017. La problem\u00e1tica se concentra en los hogares de menores ingresos, con mayor incidencia en los estratos socioecon\u00f3micos bajos y en el Conurbano Bonaerense.<\/p>\n<p>En este contexto,\u00a0<strong>la asistencia alimentaria alcanz\u00f3 al 64,8%, el nivel m\u00e1s alto de la serie<\/strong>. Seg\u00fan el estudio, este incremento se explica por la expansi\u00f3n de comedores escolares y comunitarios, as\u00ed como por la implementaci\u00f3n de la Tarjeta Alimentar desde 2020.<\/p>\n<p>Por otra parte, la cobertura de transferencias monetarias como\u00a0<strong>la Asignaci\u00f3n Universal por Hijo lleg\u00f3 al 42,5% de los ni\u00f1os, lo que representa una baja de 3,3 puntos porcentuales en comparaci\u00f3n con 2024<\/strong>. La UCA indic\u00f3 que estas pol\u00edticas alcanzan principalmente a los sectores m\u00e1s vulnerables, aunque no logran cubrir a la totalidad de la poblaci\u00f3n en situaci\u00f3n de pobreza.<\/p>\n<p>La investigadora del Observatorio de la Deuda Social Argentina, Ianina Tu\u00f1\u00f3n, explic\u00f3 que &#8220;estas pol\u00edticas no fueron dise\u00f1adas para cubrir por completo los ingresos de los hogares, sino para equiparar el salario familiar de un trabajador formal con el de uno informal. Por eso, es clave mejorar las condiciones laborales de los adultos&#8221;.<\/p>\n<p><strong>Salud, vivienda y condiciones de vida<\/strong><\/p>\n<p>El informe tambi\u00e9n expone otras dimensiones de la crisis que atraviesan los ni\u00f1os y adolescentes.\u00a0<strong>Durante 2025, el 19,8% dej\u00f3 de asistir al m\u00e9dico<\/strong>, al odont\u00f3logo o a ambos por problemas econ\u00f3micos. En ese sentido, la UCA remarc\u00f3 que\u00a0<strong>la atenci\u00f3n odontol\u00f3gica es la m\u00e1s postergada<\/strong>, lo que evidencia una deuda hist\u00f3rica del sistema sanitario.<\/p>\n<p>En cuanto a las condiciones habitacionales,\u00a0<strong>el 18,1% de los menores reside en viviendas precarias y el 20,9% en situaci\u00f3n de hacinamiento. A su vez, el 42% vive en hogares sin acceso adecuado a servicios de saneamiento<\/strong>, lo que refleja d\u00e9ficits estructurales persistentes.<\/p>\n<p>Adem\u00e1s, el\u00a0<strong>37,5% enfrenta privaciones en vestimenta<\/strong>, una situaci\u00f3n que no solo implica carencias materiales, sino tambi\u00e9n efectos emocionales que impactan en la calidad de vida.<\/p>\n<p><strong>Cambios demogr\u00e1ficos y contexto social<\/strong><\/p>\n<p>En paralelo, el estudio puso el foco en la ca\u00edda de la natalidad. Seg\u00fan los datos,\u00a0<strong>en 1991 el 56% de los hogares ten\u00eda ni\u00f1os y adolescentes menores de 18 a\u00f1os, mientras que en el censo de 2022 ese porcentaje descendi\u00f3 al 44%<\/strong>.<\/p>\n<p>La tasa de fecundidad se ubic\u00f3 en 1,4 hijos por mujer en 2022, por debajo del nivel de reemplazo generacional (2,1). De acuerdo con Tu\u00f1\u00f3n, esta tendencia, si bien responde a un fen\u00f3meno global, tambi\u00e9n refleja el impacto de la crisis social en las decisiones familiares.<\/p>\n<\/div>\n","protected":false},"excerpt":{"rendered":"<p>Aunque los indicadores mostraron una baja reciente, el informe de la UCA se\u00f1ala que las privaciones contin\u00faan, con niveles elevados de asistencia y una tendencia de largo plazo en aumento. La\u00a0pobreza en ni\u00f1os y adolescentes lleg\u00f3 al 53,6% en 2025, mientras que la\u00a0indigencia se ubic\u00f3 en el 10,7%, de acuerdo con la Encuesta de la [&hellip;]<\/p>\n","protected":false},"author":2,"featured_media":9164,"comment_status":"open","ping_status":"open","sticky":false,"template":"","format":"standard","meta":{"footnotes":""},"categories":[65],"tags":[],"class_list":{"0":"post-9163","1":"post","2":"type-post","3":"status-publish","4":"format-standard","5":"has-post-thumbnail","7":"category-economia"},"_links":{"self":[{"href":"https:\/\/elpueblonoticia.com.ar\/web\/wp-json\/wp\/v2\/posts\/9163","targetHints":{"allow":["GET"]}}],"collection":[{"href":"https:\/\/elpueblonoticia.com.ar\/web\/wp-json\/wp\/v2\/posts"}],"about":[{"href":"https:\/\/elpueblonoticia.com.ar\/web\/wp-json\/wp\/v2\/types\/post"}],"author":[{"embeddable":true,"href":"https:\/\/elpueblonoticia.com.ar\/web\/wp-json\/wp\/v2\/users\/2"}],"replies":[{"embeddable":true,"href":"https:\/\/elpueblonoticia.com.ar\/web\/wp-json\/wp\/v2\/comments?post=9163"}],"version-history":[{"count":1,"href":"https:\/\/elpueblonoticia.com.ar\/web\/wp-json\/wp\/v2\/posts\/9163\/revisions"}],"predecessor-version":[{"id":9165,"href":"https:\/\/elpueblonoticia.com.ar\/web\/wp-json\/wp\/v2\/posts\/9163\/revisions\/9165"}],"wp:featuredmedia":[{"embeddable":true,"href":"https:\/\/elpueblonoticia.com.ar\/web\/wp-json\/wp\/v2\/media\/9164"}],"wp:attachment":[{"href":"https:\/\/elpueblonoticia.com.ar\/web\/wp-json\/wp\/v2\/media?parent=9163"}],"wp:term":[{"taxonomy":"category","embeddable":true,"href":"https:\/\/elpueblonoticia.com.ar\/web\/wp-json\/wp\/v2\/categories?post=9163"},{"taxonomy":"post_tag","embeddable":true,"href":"https:\/\/elpueblonoticia.com.ar\/web\/wp-json\/wp\/v2\/tags?post=9163"}],"curies":[{"name":"wp","href":"https:\/\/api.w.org\/{rel}","templated":true}]}}