{"id":9155,"date":"2026-04-22T11:02:50","date_gmt":"2026-04-22T14:02:50","guid":{"rendered":"https:\/\/elpueblonoticia.com.ar\/web\/?p=9155"},"modified":"2026-04-22T11:02:50","modified_gmt":"2026-04-22T14:02:50","slug":"las-prepagas-vuelven-a-aumentar-en-mayo-de-cuanto-sera-la-suba-y-en-que-empresas","status":"publish","type":"post","link":"https:\/\/elpueblonoticia.com.ar\/web\/2026\/04\/22\/las-prepagas-vuelven-a-aumentar-en-mayo-de-cuanto-sera-la-suba-y-en-que-empresas\/","title":{"rendered":"Las prepagas vuelven a aumentar en mayo: de cu\u00e1nto ser\u00e1 la suba y en qu\u00e9 empresas"},"content":{"rendered":"<p><strong>Los incrementos ser\u00e1n para compensar los costos del sistema sanitario, como insumos m\u00e9dicos y honorarios profesionales, en el marco de los ajustes mensuales.<\/strong><\/p>\n<p>&nbsp;<\/p>\n<p>Las principales\u00a0<strong>empresas de medicina prepaga<\/strong>\u00a0confirmaron que<strong>\u00a0implementar\u00e1n aumentos en las cuotas en mayo<\/strong>, en el marco de los ajustes mensuales. Las compa\u00f1\u00edas argumentan que la suba buscar\u00e1 compensar el incremento sostenido de costos en el sistema sanitario, como insumos m\u00e9dicos, honorarios profesionales, alquileres y servicios tercerizados.<\/p>\n<article class=\"article-body article-body--first-paragraph\">\n<p data-mrf-recirculation=\"Article - Paragraph Links\">Los aumentos se llevar\u00e1n adelante en el marco de la normativa que se\u00f1ala que las empresas pueden definir sus precios con respecto a la suba de sus costos. En tal sentido,\u00a0<strong>Swiss Medical, Sancor Salud, Avalian<\/strong>\u00a0y\u00a0<strong>Prevenci\u00f3n Salud\u00a0<\/strong>definieron un incremento del 3,4%, mientras que\u00a0<strong>Osde\u00a0<\/strong>y\u00a0<strong>Galeno\u00a0<\/strong>aumentar\u00e1n sus cuotas entre un 3,2% y 3,3%..<\/p>\n<p>En tanto, en algunos casos, los porcentuales tambi\u00e9n fueron aplicados al valor de los copagos. Para mayores dudas, los usuarios pueden consultar los detalles de su plan en plataforma digital habilitada por la\u00a0<strong>Superintendencia de Servicios de Salud (SSS)<\/strong>, que permite comparar tarifas, prestadores y modalidades de cobertura.<\/p>\n<article class=\"article-body article-body--first-paragraph\">\n<p data-mrf-recirculation=\"Article - Paragraph Links\">La nueva suba se producir\u00e1 en un escenario de advertencias dentro del sector de salud. Desde la<strong>\u00a0Confederaci\u00f3n Farmac\u00e9utica Argentina<\/strong>\u00a0se\u00f1alaron que podr\u00edan registrarse problemas de abastecimiento de medicamentos si no se regularizan pagos atrasados por parte de obras sociales y prepagas.<\/p>\n<\/article>\n<article class=\"article-body article-body--first-paragraph\">\n<h2><strong>El Gobierno dio de baja cuatro nuevas prepagas<\/strong><\/h2>\n<p data-mrf-recirculation=\"Article - Paragraph Links\">A trav\u00e9s de un comunicado de la Superintendencia de Servicios de Salud,\u00a0<strong>el Gobierno dispuso la baja de cuatro nuevas prepagas de salud en el marco del plan libertario de \u201creordenar\u201d y ya son 50 las entidades dadas de baja desde el comienzo del 2026<\/strong>, y en total suma casi 170.<\/p>\n<p data-mrf-recirculation=\"Article - Paragraph Links\">Las prepagas son<strong><em>\u00a0Su Medicina Asistencia, Instituto Panamericano de Salud, Imedical y Seres<\/em><\/strong>, seg\u00fan aclar\u00f3 el documento del Bolet\u00edn Oficial. En marzo ya hab\u00eda ado de baja 10 empresas de medicina privada.<\/p>\n<p data-mrf-recirculation=\"Article - Paragraph Links\">Seg\u00fan se inform\u00f3, la medida forma parte de un proceso de revisi\u00f3n del padr\u00f3n de las empresas que operan en el sector. El objetivo es depurar y actualizar el registro de prestadoras para mejorar la transparencia del sistema\u00a0<strong>y garantizar que las entidades que contin\u00faan funcionando cumplan con las normativas vigentes.<\/strong><\/p>\n<\/article>\n<\/article>\n","protected":false},"excerpt":{"rendered":"<p>Los incrementos ser\u00e1n para compensar los costos del sistema sanitario, como insumos m\u00e9dicos y honorarios profesionales, en el marco de los ajustes mensuales. &nbsp; Las principales\u00a0empresas de medicina prepaga\u00a0confirmaron que\u00a0implementar\u00e1n aumentos en las cuotas en mayo, en el marco de los ajustes mensuales. Las compa\u00f1\u00edas argumentan que la suba buscar\u00e1 compensar el incremento sostenido de [&hellip;]<\/p>\n","protected":false},"author":2,"featured_media":9156,"comment_status":"open","ping_status":"open","sticky":false,"template":"","format":"standard","meta":{"footnotes":""},"categories":[65],"tags":[],"class_list":{"0":"post-9155","1":"post","2":"type-post","3":"status-publish","4":"format-standard","5":"has-post-thumbnail","7":"category-economia"},"_links":{"self":[{"href":"https:\/\/elpueblonoticia.com.ar\/web\/wp-json\/wp\/v2\/posts\/9155","targetHints":{"allow":["GET"]}}],"collection":[{"href":"https:\/\/elpueblonoticia.com.ar\/web\/wp-json\/wp\/v2\/posts"}],"about":[{"href":"https:\/\/elpueblonoticia.com.ar\/web\/wp-json\/wp\/v2\/types\/post"}],"author":[{"embeddable":true,"href":"https:\/\/elpueblonoticia.com.ar\/web\/wp-json\/wp\/v2\/users\/2"}],"replies":[{"embeddable":true,"href":"https:\/\/elpueblonoticia.com.ar\/web\/wp-json\/wp\/v2\/comments?post=9155"}],"version-history":[{"count":1,"href":"https:\/\/elpueblonoticia.com.ar\/web\/wp-json\/wp\/v2\/posts\/9155\/revisions"}],"predecessor-version":[{"id":9157,"href":"https:\/\/elpueblonoticia.com.ar\/web\/wp-json\/wp\/v2\/posts\/9155\/revisions\/9157"}],"wp:featuredmedia":[{"embeddable":true,"href":"https:\/\/elpueblonoticia.com.ar\/web\/wp-json\/wp\/v2\/media\/9156"}],"wp:attachment":[{"href":"https:\/\/elpueblonoticia.com.ar\/web\/wp-json\/wp\/v2\/media?parent=9155"}],"wp:term":[{"taxonomy":"category","embeddable":true,"href":"https:\/\/elpueblonoticia.com.ar\/web\/wp-json\/wp\/v2\/categories?post=9155"},{"taxonomy":"post_tag","embeddable":true,"href":"https:\/\/elpueblonoticia.com.ar\/web\/wp-json\/wp\/v2\/tags?post=9155"}],"curies":[{"name":"wp","href":"https:\/\/api.w.org\/{rel}","templated":true}]}}