{"id":9151,"date":"2026-04-22T10:41:33","date_gmt":"2026-04-22T13:41:33","guid":{"rendered":"https:\/\/elpueblonoticia.com.ar\/web\/?p=9151"},"modified":"2026-04-22T10:41:33","modified_gmt":"2026-04-22T13:41:33","slug":"discapacidad-denuncian-demoras-de-pago-y-rechazan-reforma-de-nacion","status":"publish","type":"post","link":"https:\/\/elpueblonoticia.com.ar\/web\/2026\/04\/22\/discapacidad-denuncian-demoras-de-pago-y-rechazan-reforma-de-nacion\/","title":{"rendered":"Discapacidad: denuncian demoras de pago y rechazan reforma de Naci\u00f3n"},"content":{"rendered":"<div id=\"modalIntrotext\">\n<div>Prestadores advierten que el proyecto nacional implica un &#8220;retroceso&#8221; en derechos y agrava una crisis financiera que ya afecta la continuidad de servicios.<\/div>\n<\/div>\n<div id=\"modalFulltext\"><\/div>\n<div><\/div>\n<div>\n<div>El sector de discapacidad atraviesa un momento cr\u00edtico y ayer volvi\u00f3 a manifestarse en Corrientes para visibilizar una doble preocupaci\u00f3n: las demoras en los pagos y el rechazo al proyecto de reforma impulsado por el Gobierno nacional. La movilizaci\u00f3n convocada en la plaza 25 de Mayo busc\u00f3 alertar sobre el impacto que estas medidas tendr\u00edan en prestadores, familias y personas con discapacidad.<\/div>\n<div>\n<div><\/div>\n<div>Marcela Kriscovich, referente de Prestadores de Discapacidad Unidos (PDU), cuestion\u00f3 con dureza la iniciativa oficial al considerar que implica &#8220;un total retroceso&#8221;. Seg\u00fan explic\u00f3, uno de los puntos m\u00e1s sensibles es la desregulaci\u00f3n de los aranceles, lo que permitir\u00eda fijar valores sin referencia al nomenclador vigente. &#8220;El Estado podr\u00eda pagar lo que considere y la diferencia recaer\u00eda en las familias o directamente dejar\u00eda a muchos fuera del sistema&#8221;, advirti\u00f3.<\/div>\n<div>\n<div><\/div>\n<div>La dirigente tambi\u00e9n alert\u00f3 sobre el reempadronamiento obligatorio de beneficiarios, al que calific\u00f3 como &#8220;una locura&#8221; por la carga burocr\u00e1tica y emocional que implicar\u00eda para quienes ya atravesaron esos procesos. A esto se suma la posibilidad de incompatibilidades entre empleo y pensiones, lo que, seg\u00fan sostuvo, atentar\u00eda contra la inclusi\u00f3n laboral.<\/div>\n<div><\/div>\n<div>En paralelo, el sector denuncia una deuda acumulada de varios meses por parte de programas nacionales y obras sociales. &#8220;Hay instituciones que ya no pueden sostenerse, se cort\u00f3 la cadena de pagos y peligra la continuidad de las prestaciones&#8221;, se\u00f1al\u00f3 Kriscovich, quien remarc\u00f3 que la mayor\u00eda de los prestadores a\u00fan no percibi\u00f3 los pagos comprometidos.<\/div>\n<div><\/div>\n<div>La preocupaci\u00f3n tambi\u00e9n alcanza a las familias, que temen quedar expuestas a mayores costos para sostener tratamientos, acompa\u00f1amientos terap\u00e9uticos, transporte y asistencia integral. Desde PDU sostienen que, de avanzar la reforma, muchas prestaciones podr\u00edan dejar de ser cubiertas en su totalidad, trasladando el peso econ\u00f3mico a hogares que en muchos casos ya atraviesan una situaci\u00f3n delicada.<\/div>\n<div><\/div>\n<div>En este contexto, la protesta form\u00f3 parte de un plan de lucha m\u00e1s amplio que incluye acciones legales contra funcionarios nacionales. Desde el sector sostienen que las medidas en discusi\u00f3n no solo profundizan la crisis econ\u00f3mica, sino que adem\u00e1s vulneran derechos adquiridos. Por eso, convocan a la comunidad a acompa\u00f1ar el reclamo y advierten que est\u00e1 en juego la atenci\u00f3n de uno de los sectores m\u00e1s vulnerables.<\/div>\n<div><\/div>\n<div>Adem\u00e1s de la marcha en Corrientes, el reclamo se replica en distintos puntos del pa\u00eds, con manifestaciones y presentaciones judiciales para exigir respuestas urgentes. Los prestadores insisten en que la emergencia no es solo financiera, sino tambi\u00e9n humana, ya que la falta de recursos pone en riesgo la continuidad de terapias, rehabilitaciones y servicios esenciales para miles de personas.<\/div>\n<div><\/div>\n<div>Desde el colectivo remarcaron que la movilizaci\u00f3n busca tambi\u00e9n interpelar a la sociedad sobre la necesidad de defender derechos conquistados durante a\u00f1os. &#8220;La discapacidad no puede ser la variable de ajuste&#8221;, sostienen, al tiempo que piden que se garantice la ley vigente y se regularicen de inmediato los pagos adeudados.<\/div>\n<div><\/div>\n<div><\/div>\n<\/div>\n<\/div>\n<\/div>\n","protected":false},"excerpt":{"rendered":"<p>Prestadores advierten que el proyecto nacional implica un &#8220;retroceso&#8221; en derechos y agrava una crisis financiera que ya afecta la continuidad de servicios. El sector de discapacidad atraviesa un momento cr\u00edtico y ayer volvi\u00f3 a manifestarse en Corrientes para visibilizar una doble preocupaci\u00f3n: las demoras en los pagos y el rechazo al proyecto de reforma [&hellip;]<\/p>\n","protected":false},"author":2,"featured_media":9152,"comment_status":"open","ping_status":"open","sticky":false,"template":"","format":"standard","meta":{"footnotes":""},"categories":[78],"tags":[],"class_list":{"0":"post-9151","1":"post","2":"type-post","3":"status-publish","4":"format-standard","5":"has-post-thumbnail","7":"category-generales"},"_links":{"self":[{"href":"https:\/\/elpueblonoticia.com.ar\/web\/wp-json\/wp\/v2\/posts\/9151","targetHints":{"allow":["GET"]}}],"collection":[{"href":"https:\/\/elpueblonoticia.com.ar\/web\/wp-json\/wp\/v2\/posts"}],"about":[{"href":"https:\/\/elpueblonoticia.com.ar\/web\/wp-json\/wp\/v2\/types\/post"}],"author":[{"embeddable":true,"href":"https:\/\/elpueblonoticia.com.ar\/web\/wp-json\/wp\/v2\/users\/2"}],"replies":[{"embeddable":true,"href":"https:\/\/elpueblonoticia.com.ar\/web\/wp-json\/wp\/v2\/comments?post=9151"}],"version-history":[{"count":1,"href":"https:\/\/elpueblonoticia.com.ar\/web\/wp-json\/wp\/v2\/posts\/9151\/revisions"}],"predecessor-version":[{"id":9153,"href":"https:\/\/elpueblonoticia.com.ar\/web\/wp-json\/wp\/v2\/posts\/9151\/revisions\/9153"}],"wp:featuredmedia":[{"embeddable":true,"href":"https:\/\/elpueblonoticia.com.ar\/web\/wp-json\/wp\/v2\/media\/9152"}],"wp:attachment":[{"href":"https:\/\/elpueblonoticia.com.ar\/web\/wp-json\/wp\/v2\/media?parent=9151"}],"wp:term":[{"taxonomy":"category","embeddable":true,"href":"https:\/\/elpueblonoticia.com.ar\/web\/wp-json\/wp\/v2\/categories?post=9151"},{"taxonomy":"post_tag","embeddable":true,"href":"https:\/\/elpueblonoticia.com.ar\/web\/wp-json\/wp\/v2\/tags?post=9151"}],"curies":[{"name":"wp","href":"https:\/\/api.w.org\/{rel}","templated":true}]}}