{"id":9137,"date":"2026-04-22T09:27:55","date_gmt":"2026-04-22T12:27:55","guid":{"rendered":"https:\/\/elpueblonoticia.com.ar\/web\/?p=9137"},"modified":"2026-04-22T09:27:55","modified_gmt":"2026-04-22T12:27:55","slug":"habilitacion-de-semaforo-en-avenida-sarmiento-y-belgrano","status":"publish","type":"post","link":"https:\/\/elpueblonoticia.com.ar\/web\/2026\/04\/22\/habilitacion-de-semaforo-en-avenida-sarmiento-y-belgrano\/","title":{"rendered":"Habilitaci\u00f3n de sem\u00e1foro en avenida Sarmiento y Belgrano"},"content":{"rendered":"<div id=\"modalIntrotext\">\n<div>Hay 42 sem\u00e1foros activos en la ciudad. En la ma\u00f1ana del martes, desde las 10,30, qued\u00f3 habilitado el sem\u00e1foro ubicado en la avenida Sarmiento y calle Belgrano.<\/div>\n<div><\/div>\n<div>\n<div>El intendente Mariano Hormaechea acompa\u00f1\u00f3 al director de Tr\u00e1nsito al momento de dejar en pleno funcionamiento el elemento que contribuir\u00e1 al ordenamiento del tr\u00e1nsito, en un punto de gran concentraci\u00f3n y movimiento, sobre todo en horas pico.<\/div>\n<div><\/div>\n<div>\n<div>Este sem\u00e1foro se reubic\u00f3 en esa intersecci\u00f3n, sacando el que estaba localizado en Mazzanti y Chile, considerando el cambio un mejor aprovechamiento del recurso.<\/div>\n<div><img decoding=\"async\" id=\"202604220900306270\" class=\"validImg controledImg\" src=\"https:\/\/www.powernoticias.com\/images\/202604220900306270\" name=\"img-202604220900306270\" \/><\/div>\n<div>Desde la Direcci\u00f3n de Tr\u00e1nsito explicaron que con este son 42 sem\u00e1foros en actividad, de \u00faltima tecnolog\u00eda.<\/div>\n<div><\/div>\n<div>El pr\u00f3ximo sem\u00e1foro a reubicar es el que se encontraba en 12 de Octubre y Mariano I. Loza. Se relocaliza en las avenidas D\u00edaz Colodrero y Jos\u00e9 Jacinto Rol\u00f3n, con el mismo objetivo: ordenar el tr\u00e1nsito en ese sector de la ciudad.<\/div>\n<\/div>\n<div><\/div>\n<\/div>\n<\/div>\n","protected":false},"excerpt":{"rendered":"<p>Hay 42 sem\u00e1foros activos en la ciudad. En la ma\u00f1ana del martes, desde las 10,30, qued\u00f3 habilitado el sem\u00e1foro ubicado en la avenida Sarmiento y calle Belgrano. El intendente Mariano Hormaechea acompa\u00f1\u00f3 al director de Tr\u00e1nsito al momento de dejar en pleno funcionamiento el elemento que contribuir\u00e1 al ordenamiento del tr\u00e1nsito, en un punto de [&hellip;]<\/p>\n","protected":false},"author":2,"featured_media":9138,"comment_status":"open","ping_status":"open","sticky":false,"template":"","format":"standard","meta":{"footnotes":""},"categories":[78],"tags":[],"class_list":{"0":"post-9137","1":"post","2":"type-post","3":"status-publish","4":"format-standard","5":"has-post-thumbnail","7":"category-generales"},"_links":{"self":[{"href":"https:\/\/elpueblonoticia.com.ar\/web\/wp-json\/wp\/v2\/posts\/9137","targetHints":{"allow":["GET"]}}],"collection":[{"href":"https:\/\/elpueblonoticia.com.ar\/web\/wp-json\/wp\/v2\/posts"}],"about":[{"href":"https:\/\/elpueblonoticia.com.ar\/web\/wp-json\/wp\/v2\/types\/post"}],"author":[{"embeddable":true,"href":"https:\/\/elpueblonoticia.com.ar\/web\/wp-json\/wp\/v2\/users\/2"}],"replies":[{"embeddable":true,"href":"https:\/\/elpueblonoticia.com.ar\/web\/wp-json\/wp\/v2\/comments?post=9137"}],"version-history":[{"count":1,"href":"https:\/\/elpueblonoticia.com.ar\/web\/wp-json\/wp\/v2\/posts\/9137\/revisions"}],"predecessor-version":[{"id":9139,"href":"https:\/\/elpueblonoticia.com.ar\/web\/wp-json\/wp\/v2\/posts\/9137\/revisions\/9139"}],"wp:featuredmedia":[{"embeddable":true,"href":"https:\/\/elpueblonoticia.com.ar\/web\/wp-json\/wp\/v2\/media\/9138"}],"wp:attachment":[{"href":"https:\/\/elpueblonoticia.com.ar\/web\/wp-json\/wp\/v2\/media?parent=9137"}],"wp:term":[{"taxonomy":"category","embeddable":true,"href":"https:\/\/elpueblonoticia.com.ar\/web\/wp-json\/wp\/v2\/categories?post=9137"},{"taxonomy":"post_tag","embeddable":true,"href":"https:\/\/elpueblonoticia.com.ar\/web\/wp-json\/wp\/v2\/tags?post=9137"}],"curies":[{"name":"wp","href":"https:\/\/api.w.org\/{rel}","templated":true}]}}