{"id":9125,"date":"2026-04-22T08:44:04","date_gmt":"2026-04-22T11:44:04","guid":{"rendered":"https:\/\/elpueblonoticia.com.ar\/web\/?p=9125"},"modified":"2026-04-22T08:44:04","modified_gmt":"2026-04-22T11:44:04","slug":"a-un-ano-de-la-muerte-de-francisco-el-mensaje-de-leon-xiv-su-legado-sigue-vivo","status":"publish","type":"post","link":"https:\/\/elpueblonoticia.com.ar\/web\/2026\/04\/22\/a-un-ano-de-la-muerte-de-francisco-el-mensaje-de-leon-xiv-su-legado-sigue-vivo\/","title":{"rendered":"A un a\u00f1o de la muerte de Francisco, el mensaje de Le\u00f3n XIV: &#8220;Su legado sigue vivo&#8221;"},"content":{"rendered":"<div>\n<p><strong>El actual pont\u00edfice evoc\u00f3 al papa argentino, quien falleci\u00f3 el pasado 21 de abril de 2025. &#8220;Sus palabras y sus gestos permanecen grabados en nuestros corazones&#8221;, escribi\u00f3.<\/strong><\/p>\n<p>&nbsp;<\/p>\n<p>A un a\u00f1o de la muerte de<strong>\u00a0Papa Francisco<\/strong>, el actual pont\u00edfice,\u00a0<strong>Papa Le\u00f3n XIV<\/strong>, lo record\u00f3 con un sentido mensaje publicado en X en el que revindic\u00f3 su figura y sus aportes a la Iglesia.<\/p>\n<article class=\"article-body article-body--first-paragraph\">\n<p data-mrf-recirculation=\"Article - Paragraph Links\"><strong>\u201cEn el primer aniversario del nacimiento al cielo de nuestro querido Papa Francisco, sus palabras y sus gestos permanecen grabados en nuestros corazones.<\/strong>\u00a0Recojamos su legado proclamando siempre la alegr\u00eda del Evangelio, anunciando la misericordia de Dios y promoviendo la fraternidad entre todos los hombres y mujeres del mundo\u201d, expres\u00f3 Le\u00f3n XIV.<\/p>\n<\/article>\n<div class=\"free-banner-wrapper mx-auto text-center\"><\/div>\n<article class=\"article-body article-body--first-paragraph\">\n<figure id=\"334277-Libre-258904835_wrap\" class=\"embed_cont type_imagen\">\n<div id=\"334277-Libre-258904835_content\" class=\"embed_content\"><img decoding=\"async\" src=\"https:\/\/media.c5n.com\/p\/d7c922a8f67c0dbbd3edbc49770d2409\/adjuntos\/326\/imagenes\/000\/377\/0000377479\/790x0\/smart\/image.png\" data-src=\"https:\/\/media.c5n.com\/p\/d7c922a8f67c0dbbd3edbc49770d2409\/adjuntos\/326\/imagenes\/000\/377\/0000377479\/790x0\/smart\/image.png\" data-td-src-property=\"&lt;a href=\" \/><\/div>\n<\/figure>\n<p data-mrf-recirculation=\"Article - Paragraph Links\">Francisco muri\u00f3 el 21 de abril de 2025 a las 7.35 en la Casa Santa Marta, en el Vaticano,\u00a0<strong>como consecuencia de un cuadro de salud que se hab\u00eda deteriorado en los meses previos.<\/strong><\/p>\n<article class=\"article-body article-body--first-paragraph\">\n<p data-mrf-recirculation=\"Article - Paragraph Links\">La noticia sacudi\u00f3 al mundo en las primeras horas de la ma\u00f1ana y gener\u00f3 una inmediata conmoci\u00f3n global: miles de fieles comenzaron a acercarse a la Plaza de San Pedro, mientras l\u00edderes internacionales enviaban mensajes de despedida para el primer papa latinoamericano de la historia.<\/p>\n<\/article>\n<article class=\"article-body article-body--first-paragraph\">\n<p data-mrf-recirculation=\"Article - Paragraph Links\"><strong>Cinco d\u00edas despu\u00e9s se realiz\u00f3 su funeral<\/strong>, seguido por una multitud, y sus restos fueron trasladados a la Bas\u00edlica de Santa Mar\u00eda la Mayor, tal como hab\u00eda sido su voluntad.<\/p>\n<p data-mrf-recirculation=\"Article - Paragraph Links\">Nacido en Buenos Aires como\u00a0<strong>Jorge Mario Bergoglio<\/strong>, Francisco fue elegido papa en 2013 tras la renuncia de Benedicto XVI. Su pontificado estuvo marcado por una fuerte impronta pastoral, el impulso de reformas dentro de la Iglesia, la defensa de los sectores m\u00e1s vulnerables y un discurso enfocado en la inclusi\u00f3n, el di\u00e1logo interreligioso y el cuidado del ambiente.<\/p>\n<h2><strong>Actividades del Vaticano en homenaje a Francisco<\/strong><\/h2>\n<p data-mrf-recirculation=\"Article - Paragraph Links\">El Vaticano llevar\u00e1 adelante este martes una serie de actos para recordar al pont\u00edfice argentino en el primer aniversario de su muerte, con epicentro en la\u00a0<strong>Bas\u00edlica de Santa Mar\u00eda la Mayor.<\/strong><\/p>\n<p data-mrf-recirculation=\"Article - Paragraph Links\">La jornada comenzar\u00e1 por la tarde con el rezo del rosario en la<strong>\u00a0Capilla Paulina<\/strong>. Luego se presentar\u00e1 una placa conmemorativa en honor al v\u00ednculo de Francisco con la imagen de la Salus Populi Romani, una advocaci\u00f3n mariana profundamente ligada a su vida espiritual.<\/p>\n<p data-mrf-recirculation=\"Article - Paragraph Links\">La inscripci\u00f3n, realizada en bronce y en lat\u00edn, destaca que el papa se detuvo en 126 ocasiones a rezar ante esa imagen y que, seg\u00fan su deseo, descansa en esa bas\u00edlica.<\/p>\n<p data-mrf-recirculation=\"Article - Paragraph Links\">M\u00e1s tarde\u00a0<strong>se celebrar\u00e1 una misa en su memoria<\/strong>, durante la cual se leer\u00e1 un mensaje enviado por Le\u00f3n XIV, quien se encuentra en una gira oficial por \u00c1frica. La ceremonia podr\u00e1 seguirse tanto desde la plaza como a trav\u00e9s de transmisi\u00f3n en vivo.<\/p>\n<p data-mrf-recirculation=\"Article - Paragraph Links\">El homenaje se completar\u00e1 con el estreno de un\u00a0<strong>documental de 26 minutos que repasa los momentos m\u00e1s significativos de su pontificado<\/strong>, a partir de im\u00e1genes de archivo y registros audiovisuales in\u00e9ditos.<\/p>\n<\/article>\n<\/article>\n<\/div>\n<div class=\"s2s_supra_contenedor lang_directon_right s2sdefault  align_left  s2s_balloon_bottom \">\n<div class=\"s2s_contenedor  s2s_no_text  s2s-btn-group\">\n<div class=\"s2s_twitter s2s_btn s2s-btn-xs \">\n<div class=\"globo s2s_globo_closed s2s_twitter_iframe\"><\/div>\n<\/div>\n<div class=\"s2s_facebook s2s_btn s2s-btn-xs \">\n<div class=\"globo s2s_globo_closed s2s_facebook_iframe\"><\/div>\n<\/div>\n<div class=\"s2s_wapp s2s_btn s2s-btn-xs  \">\n<div class=\"globo s2s_globo_closed s2s_wapp_iframe\"><\/div>\n<\/div>\n<\/div>\n<div class=\"s2s_credits_wrapper\"><\/div>\n<\/div>\n","protected":false},"excerpt":{"rendered":"<p>El actual pont\u00edfice evoc\u00f3 al papa argentino, quien falleci\u00f3 el pasado 21 de abril de 2025. &#8220;Sus palabras y sus gestos permanecen grabados en nuestros corazones&#8221;, escribi\u00f3. &nbsp; A un a\u00f1o de la muerte de\u00a0Papa Francisco, el actual pont\u00edfice,\u00a0Papa Le\u00f3n XIV, lo record\u00f3 con un sentido mensaje publicado en X en el que revindic\u00f3 su [&hellip;]<\/p>\n","protected":false},"author":2,"featured_media":9126,"comment_status":"open","ping_status":"open","sticky":false,"template":"","format":"standard","meta":{"footnotes":""},"categories":[81],"tags":[],"class_list":{"0":"post-9125","1":"post","2":"type-post","3":"status-publish","4":"format-standard","5":"has-post-thumbnail","7":"category-internacionales"},"_links":{"self":[{"href":"https:\/\/elpueblonoticia.com.ar\/web\/wp-json\/wp\/v2\/posts\/9125","targetHints":{"allow":["GET"]}}],"collection":[{"href":"https:\/\/elpueblonoticia.com.ar\/web\/wp-json\/wp\/v2\/posts"}],"about":[{"href":"https:\/\/elpueblonoticia.com.ar\/web\/wp-json\/wp\/v2\/types\/post"}],"author":[{"embeddable":true,"href":"https:\/\/elpueblonoticia.com.ar\/web\/wp-json\/wp\/v2\/users\/2"}],"replies":[{"embeddable":true,"href":"https:\/\/elpueblonoticia.com.ar\/web\/wp-json\/wp\/v2\/comments?post=9125"}],"version-history":[{"count":1,"href":"https:\/\/elpueblonoticia.com.ar\/web\/wp-json\/wp\/v2\/posts\/9125\/revisions"}],"predecessor-version":[{"id":9127,"href":"https:\/\/elpueblonoticia.com.ar\/web\/wp-json\/wp\/v2\/posts\/9125\/revisions\/9127"}],"wp:featuredmedia":[{"embeddable":true,"href":"https:\/\/elpueblonoticia.com.ar\/web\/wp-json\/wp\/v2\/media\/9126"}],"wp:attachment":[{"href":"https:\/\/elpueblonoticia.com.ar\/web\/wp-json\/wp\/v2\/media?parent=9125"}],"wp:term":[{"taxonomy":"category","embeddable":true,"href":"https:\/\/elpueblonoticia.com.ar\/web\/wp-json\/wp\/v2\/categories?post=9125"},{"taxonomy":"post_tag","embeddable":true,"href":"https:\/\/elpueblonoticia.com.ar\/web\/wp-json\/wp\/v2\/tags?post=9125"}],"curies":[{"name":"wp","href":"https:\/\/api.w.org\/{rel}","templated":true}]}}