{"id":9095,"date":"2026-04-20T09:50:47","date_gmt":"2026-04-20T12:50:47","guid":{"rendered":"https:\/\/elpueblonoticia.com.ar\/web\/?p=9095"},"modified":"2026-04-20T09:50:47","modified_gmt":"2026-04-20T12:50:47","slug":"el-remate-ganadero-para-pequenos-y-medianos-productores-en-goya-ya-tiene-fecha","status":"publish","type":"post","link":"https:\/\/elpueblonoticia.com.ar\/web\/2026\/04\/20\/el-remate-ganadero-para-pequenos-y-medianos-productores-en-goya-ya-tiene-fecha\/","title":{"rendered":"El Remate Ganadero para Peque\u00f1os y Medianos Productores en Goya ya tiene fecha"},"content":{"rendered":"<div id=\"modalIntrotext\">\n<div>El Instituto Provincial del Tabaco, informa que se encuentra abierto el periodo de inscripci\u00f3n y consultas para participar del Remate Ganadero para Peque\u00f1os y Medianos Productores, que tendr\u00e1 lugar en la Sociedad Rural de Goya el pr\u00f3ximo 21 de mayo. El Gobierno de la Provincia, a trav\u00e9s del Idercor reintegrar\u00e1 lo correspondiente al flete. Comunicarse a la oficina de Producci\u00f3n del IPT de lunes a viernes al 03777 \u2013 643937.-<\/div>\n<div><\/div>\n<div><\/div>\n<\/div>\n","protected":false},"excerpt":{"rendered":"<p>El Instituto Provincial del Tabaco, informa que se encuentra abierto el periodo de inscripci\u00f3n y consultas para participar del Remate Ganadero para Peque\u00f1os y Medianos Productores, que tendr\u00e1 lugar en la Sociedad Rural de Goya el pr\u00f3ximo 21 de mayo. El Gobierno de la Provincia, a trav\u00e9s del Idercor reintegrar\u00e1 lo correspondiente al flete. Comunicarse [&hellip;]<\/p>\n","protected":false},"author":2,"featured_media":9096,"comment_status":"open","ping_status":"open","sticky":false,"template":"","format":"standard","meta":{"footnotes":""},"categories":[78],"tags":[],"class_list":{"0":"post-9095","1":"post","2":"type-post","3":"status-publish","4":"format-standard","5":"has-post-thumbnail","7":"category-generales"},"_links":{"self":[{"href":"https:\/\/elpueblonoticia.com.ar\/web\/wp-json\/wp\/v2\/posts\/9095","targetHints":{"allow":["GET"]}}],"collection":[{"href":"https:\/\/elpueblonoticia.com.ar\/web\/wp-json\/wp\/v2\/posts"}],"about":[{"href":"https:\/\/elpueblonoticia.com.ar\/web\/wp-json\/wp\/v2\/types\/post"}],"author":[{"embeddable":true,"href":"https:\/\/elpueblonoticia.com.ar\/web\/wp-json\/wp\/v2\/users\/2"}],"replies":[{"embeddable":true,"href":"https:\/\/elpueblonoticia.com.ar\/web\/wp-json\/wp\/v2\/comments?post=9095"}],"version-history":[{"count":1,"href":"https:\/\/elpueblonoticia.com.ar\/web\/wp-json\/wp\/v2\/posts\/9095\/revisions"}],"predecessor-version":[{"id":9097,"href":"https:\/\/elpueblonoticia.com.ar\/web\/wp-json\/wp\/v2\/posts\/9095\/revisions\/9097"}],"wp:featuredmedia":[{"embeddable":true,"href":"https:\/\/elpueblonoticia.com.ar\/web\/wp-json\/wp\/v2\/media\/9096"}],"wp:attachment":[{"href":"https:\/\/elpueblonoticia.com.ar\/web\/wp-json\/wp\/v2\/media?parent=9095"}],"wp:term":[{"taxonomy":"category","embeddable":true,"href":"https:\/\/elpueblonoticia.com.ar\/web\/wp-json\/wp\/v2\/categories?post=9095"},{"taxonomy":"post_tag","embeddable":true,"href":"https:\/\/elpueblonoticia.com.ar\/web\/wp-json\/wp\/v2\/tags?post=9095"}],"curies":[{"name":"wp","href":"https:\/\/api.w.org\/{rel}","templated":true}]}}