{"id":9091,"date":"2026-04-20T09:44:00","date_gmt":"2026-04-20T12:44:00","guid":{"rendered":"https:\/\/elpueblonoticia.com.ar\/web\/?p=9091"},"modified":"2026-04-20T09:44:00","modified_gmt":"2026-04-20T12:44:00","slug":"goya-suspendieron-carreras-clandestinas-y-detuvieron-al-organizador","status":"publish","type":"post","link":"https:\/\/elpueblonoticia.com.ar\/web\/2026\/04\/20\/goya-suspendieron-carreras-clandestinas-y-detuvieron-al-organizador\/","title":{"rendered":"GOYA: SUSPENDIERON CARRERAS CLANDESTINAS Y DETUVIERON AL ORGANIZADOR"},"content":{"rendered":"<div class=\"xdj266r x14z9mp xat24cr x1lziwak x1vvkbs x126k92a\">\n<div dir=\"auto\"><strong>La timba de caballos y motos en plena calle vecinal se termin\u00f3 cuando lleg\u00f3 el patrullero de la Polic\u00eda Rural y Ecol\u00f3gica de Goya En el lugar, un numeroso grupo de personas hab\u00eda cortado el paso para correr cuadreras ilegales, pero apenas vieron las balizas del m\u00f3vil , jinetes y espectadores empezaron a disparar para todos lados.<\/strong><\/div>\n<p>&nbsp;<\/p>\n<p><img decoding=\"async\" src=\"https:\/\/scontent.fres2-1.fna.fbcdn.net\/v\/t51.82787-15\/671094766_18521178376073046_3645910574844949945_n.webp?stp=dst-jpg_tt6&amp;_nc_cat=104&amp;ccb=1-7&amp;_nc_sid=13d280&amp;_nc_eui2=AeGhrmqsz2ZdnC1LX01wCTst9JbLl05Xit30lsuXTleK3SVuG3CmsGqjDYJv_oU5Do-q5m85D4aFz3L4RhAQjDRm&amp;_nc_ohc=pZC6gO-C09oQ7kNvwEqVYng&amp;_nc_oc=Adq7e4HC5tg8Pc0KhiVtbmJwFtzJ5l34NPidZnhDezZeIm6t_Vv3Fv8dowK4FmKEjDk&amp;_nc_zt=23&amp;_nc_ht=scontent.fres2-1.fna&amp;_nc_gid=ZJpciJIDr3AwvGtzuDNKew&amp;_nc_ss=7a3a8&amp;oh=00_Af3VsJJNj10bOGTwghbnMjno3wfr-fg-Xn4K3R0KC02pJg&amp;oe=69EB271C\" alt=\"Puede ser una imagen de caballo\" data-src=\"https:\/\/scontent.fres2-1.fna.fbcdn.net\/v\/t51.82787-15\/671094766_18521178376073046_3645910574844949945_n.webp?stp=dst-jpg_tt6&amp;_nc_cat=104&amp;ccb=1-7&amp;_nc_sid=13d280&amp;_nc_eui2=AeGhrmqsz2ZdnC1LX01wCTst9JbLl05Xit30lsuXTleK3SVuG3CmsGqjDYJv_oU5Do-q5m85D4aFz3L4RhAQjDRm&amp;_nc_ohc=pZC6gO-C09oQ7kNvwEqVYng&amp;_nc_oc=Adq7e4HC5tg8Pc0KhiVtbmJwFtzJ5l34NPidZnhDezZeIm6t_Vv3Fv8dowK4FmKEjDk&amp;_nc_zt=23&amp;_nc_ht=scontent.fres2-1.fna&amp;_nc_gid=ZJpciJIDr3AwvGtzuDNKew&amp;_nc_ss=7a3a8&amp;oh=00_Af3VsJJNj10bOGTwghbnMjno3wfr-fg-Xn4K3R0KC02pJg&amp;oe=69EB271C\" \/><\/p>\n<\/div>\n<div class=\"x14z9mp xat24cr x1lziwak x1vvkbs xtlvy1s x126k92a\">\n<div><\/div>\n<div dir=\"auto\">Un grupo se qued\u00f3 para intentar enfrentar a los uniformados y evitar el procedimiento, pero la polic\u00eda actu\u00f3 r\u00e1pido y logr\u00f3 controlar la situaci\u00f3n.<\/div>\n<div><\/div>\n<\/div>\n<div class=\"x14z9mp xat24cr x1lziwak x1vvkbs xtlvy1s x126k92a\">\n<div dir=\"auto\">El operativo termin\u00f3 con dos hombres detenidos: un tal Silva, que ser\u00eda el que arm\u00f3 el evento, y otro de apellido Chaz, due\u00f1o de uno de los caballos que estaba corriendo.<\/p>\n<\/div>\n<\/div>\n<div class=\"x14z9mp xat24cr x1lziwak x1vvkbs xtlvy1s x126k92a\">\n<div dir=\"auto\">Por orden del fiscal, ambos terminaron en la comisar\u00eda y ahora tienen una causa judicial abierta por andar haciendo estas movidas fuera de la ley.<\/div>\n<\/div>\n","protected":false},"excerpt":{"rendered":"<p>La timba de caballos y motos en plena calle vecinal se termin\u00f3 cuando lleg\u00f3 el patrullero de la Polic\u00eda Rural y Ecol\u00f3gica de Goya En el lugar, un numeroso grupo de personas hab\u00eda cortado el paso para correr cuadreras ilegales, pero apenas vieron las balizas del m\u00f3vil , jinetes y espectadores empezaron a disparar para [&hellip;]<\/p>\n","protected":false},"author":2,"featured_media":9092,"comment_status":"open","ping_status":"open","sticky":false,"template":"","format":"standard","meta":{"footnotes":""},"categories":[68],"tags":[],"class_list":{"0":"post-9091","1":"post","2":"type-post","3":"status-publish","4":"format-standard","5":"has-post-thumbnail","7":"category-policiales-nacionales"},"_links":{"self":[{"href":"https:\/\/elpueblonoticia.com.ar\/web\/wp-json\/wp\/v2\/posts\/9091","targetHints":{"allow":["GET"]}}],"collection":[{"href":"https:\/\/elpueblonoticia.com.ar\/web\/wp-json\/wp\/v2\/posts"}],"about":[{"href":"https:\/\/elpueblonoticia.com.ar\/web\/wp-json\/wp\/v2\/types\/post"}],"author":[{"embeddable":true,"href":"https:\/\/elpueblonoticia.com.ar\/web\/wp-json\/wp\/v2\/users\/2"}],"replies":[{"embeddable":true,"href":"https:\/\/elpueblonoticia.com.ar\/web\/wp-json\/wp\/v2\/comments?post=9091"}],"version-history":[{"count":1,"href":"https:\/\/elpueblonoticia.com.ar\/web\/wp-json\/wp\/v2\/posts\/9091\/revisions"}],"predecessor-version":[{"id":9093,"href":"https:\/\/elpueblonoticia.com.ar\/web\/wp-json\/wp\/v2\/posts\/9091\/revisions\/9093"}],"wp:featuredmedia":[{"embeddable":true,"href":"https:\/\/elpueblonoticia.com.ar\/web\/wp-json\/wp\/v2\/media\/9092"}],"wp:attachment":[{"href":"https:\/\/elpueblonoticia.com.ar\/web\/wp-json\/wp\/v2\/media?parent=9091"}],"wp:term":[{"taxonomy":"category","embeddable":true,"href":"https:\/\/elpueblonoticia.com.ar\/web\/wp-json\/wp\/v2\/categories?post=9091"},{"taxonomy":"post_tag","embeddable":true,"href":"https:\/\/elpueblonoticia.com.ar\/web\/wp-json\/wp\/v2\/tags?post=9091"}],"curies":[{"name":"wp","href":"https:\/\/api.w.org\/{rel}","templated":true}]}}