{"id":9087,"date":"2026-04-20T09:31:32","date_gmt":"2026-04-20T12:31:32","guid":{"rendered":"https:\/\/elpueblonoticia.com.ar\/web\/?p=9087"},"modified":"2026-04-20T09:31:32","modified_gmt":"2026-04-20T12:31:32","slug":"presentacion-de-la-49a-edicion-de-la-fiesta-nacional-del-surubi","status":"publish","type":"post","link":"https:\/\/elpueblonoticia.com.ar\/web\/2026\/04\/20\/presentacion-de-la-49a-edicion-de-la-fiesta-nacional-del-surubi\/","title":{"rendered":"Presentaci\u00f3n de la 49\u00aa edici\u00f3n de la Fiesta Nacional del Surub\u00ed"},"content":{"rendered":"<div id=\"modalIntrotext\">\n<div>El lunes 20 ante los medios de comunicaci\u00f3n se har\u00e1 la presentaci\u00f3n oficial de la 49\u00aa Fiesta Nacional del Surubi, a las 20,00 en el Sal\u00f3n de Usos M\u00faltiples \u201cCoqui Correa\u201d del Predio Costa Surub\u00ed.<\/div>\n<div><\/div>\n<div><\/div>\n<div>\n<div>Se invita a los medios de comunicaci\u00f3n, periodistas, comunicadores, responsables de portales digitales, donde se brindar\u00e1n las novedades y detalles de la pr\u00f3xima edici\u00f3n del Mundial de Pesca.<\/div>\n<div><\/div>\n<div><\/div>\n<div><\/div>\n<div>El r\u00edo nos une y el Mundial de Pesca nos vuelve a encontrar.<\/div>\n<div><\/div>\n<div>\u00a1Los esperamos!<\/div>\n<div><\/div>\n<\/div>\n<\/div>\n<div id=\"modalFulltext\"><\/div>\n","protected":false},"excerpt":{"rendered":"<p>El lunes 20 ante los medios de comunicaci\u00f3n se har\u00e1 la presentaci\u00f3n oficial de la 49\u00aa Fiesta Nacional del Surubi, a las 20,00 en el Sal\u00f3n de Usos M\u00faltiples \u201cCoqui Correa\u201d del Predio Costa Surub\u00ed. Se invita a los medios de comunicaci\u00f3n, periodistas, comunicadores, responsables de portales digitales, donde se brindar\u00e1n las novedades y detalles [&hellip;]<\/p>\n","protected":false},"author":2,"featured_media":9088,"comment_status":"open","ping_status":"open","sticky":false,"template":"","format":"standard","meta":{"footnotes":""},"categories":[56],"tags":[],"class_list":{"0":"post-9087","1":"post","2":"type-post","3":"status-publish","4":"format-standard","5":"has-post-thumbnail","7":"category-locales"},"_links":{"self":[{"href":"https:\/\/elpueblonoticia.com.ar\/web\/wp-json\/wp\/v2\/posts\/9087","targetHints":{"allow":["GET"]}}],"collection":[{"href":"https:\/\/elpueblonoticia.com.ar\/web\/wp-json\/wp\/v2\/posts"}],"about":[{"href":"https:\/\/elpueblonoticia.com.ar\/web\/wp-json\/wp\/v2\/types\/post"}],"author":[{"embeddable":true,"href":"https:\/\/elpueblonoticia.com.ar\/web\/wp-json\/wp\/v2\/users\/2"}],"replies":[{"embeddable":true,"href":"https:\/\/elpueblonoticia.com.ar\/web\/wp-json\/wp\/v2\/comments?post=9087"}],"version-history":[{"count":1,"href":"https:\/\/elpueblonoticia.com.ar\/web\/wp-json\/wp\/v2\/posts\/9087\/revisions"}],"predecessor-version":[{"id":9089,"href":"https:\/\/elpueblonoticia.com.ar\/web\/wp-json\/wp\/v2\/posts\/9087\/revisions\/9089"}],"wp:featuredmedia":[{"embeddable":true,"href":"https:\/\/elpueblonoticia.com.ar\/web\/wp-json\/wp\/v2\/media\/9088"}],"wp:attachment":[{"href":"https:\/\/elpueblonoticia.com.ar\/web\/wp-json\/wp\/v2\/media?parent=9087"}],"wp:term":[{"taxonomy":"category","embeddable":true,"href":"https:\/\/elpueblonoticia.com.ar\/web\/wp-json\/wp\/v2\/categories?post=9087"},{"taxonomy":"post_tag","embeddable":true,"href":"https:\/\/elpueblonoticia.com.ar\/web\/wp-json\/wp\/v2\/tags?post=9087"}],"curies":[{"name":"wp","href":"https:\/\/api.w.org\/{rel}","templated":true}]}}