{"id":9083,"date":"2026-04-20T09:19:56","date_gmt":"2026-04-20T12:19:56","guid":{"rendered":"https:\/\/elpueblonoticia.com.ar\/web\/?p=9083"},"modified":"2026-04-20T09:19:56","modified_gmt":"2026-04-20T12:19:56","slug":"cuando-cobro-anses-el-calendario-de-pagos-del-lunes-20-de-abril-de-2026-al-viernes-24","status":"publish","type":"post","link":"https:\/\/elpueblonoticia.com.ar\/web\/2026\/04\/20\/cuando-cobro-anses-el-calendario-de-pagos-del-lunes-20-de-abril-de-2026-al-viernes-24\/","title":{"rendered":"Cu\u00e1ndo cobro ANSES: el calendario de pagos del lunes 20 de abril de 2026 al viernes 24"},"content":{"rendered":"<div class=\"article-body__subheadline\"><strong>Cobran jubilados y pensionados con haber m\u00ednimo, AUH, Asignaci\u00f3n por Embarazo y otras asignaciones, con aumento del 2,9% y bono extraordinario para jubilaciones m\u00ednimas.<\/strong><\/div>\n<p>&nbsp;<\/p>\n<p class=\"article-body__paragraph\">La\u00a0<strong>ANSES<\/strong>\u00a0contin\u00faa este\u00a0<strong>lunes 20 de abril<\/strong>\u00a0con el calendario de pagos\u00a0correspondiente al cuarto mes del a\u00f1o. Durante esta jornada,\u00a0miles de beneficiarios\u00a0acceden a sus haberes, incluyendo\u00a0<strong>jubilados y pensionados con ingresos m\u00ednimos, titulares de la AUH, Asignaci\u00f3n por Embarazo y pensiones no contributivas<\/strong>, entre otras prestaciones sociales.<\/p>\n<p class=\"article-body__paragraph\">Abril llega con\u00a0<strong>aumentos confirmados<\/strong>\u00a0y un\u00a0<strong>bono extraordinario<\/strong>\u00a0para jubilados, lo que genera gran expectativa en quienes dependen de estas transferencias para afrontar gastos b\u00e1sicos.<\/p>\n<h2 class=\"article-body__heading-h2\"><strong>Calendario ANSES: qui\u00e9nes cobran desde este lunes 20 de abril<\/strong><\/h2>\n<p class=\"article-body__paragraph\">A partir de este lunes 20 de abril, se reanudan los pagos de ANSES para\u00a0<strong>distintos grupos seg\u00fan la terminaci\u00f3n del DNI:<\/strong><\/p>\n<h3 class=\"article-body__heading-h3\"><strong>Jubilaciones y pensiones que no superan el haber m\u00ednimo<\/strong><\/h3>\n<ul class=\"article-body__list-ul\">\n<li class=\"article-body__list-item\"><span class=\"article-body__list-span\">DNI terminados en 6: 20 de abril<\/span><\/li>\n<li class=\"article-body__list-item\"><span class=\"article-body__list-span\">DNI terminados en 7: 21 de abril<\/span><\/li>\n<li class=\"article-body__list-item\"><span class=\"article-body__list-span\">DNI terminados en 8: 22 de abril<\/span><\/li>\n<li class=\"article-body__list-item\"><span class=\"article-body__list-span\">DNI terminados en 9: 23 de abril<\/span><\/li>\n<\/ul>\n<h3 class=\"article-body__heading-h3\"><strong>Jubilaciones y pensiones que superan el haber m\u00ednimo<\/strong><\/h3>\n<ul class=\"article-body__list-ul\">\n<li class=\"article-body__list-item\"><span class=\"article-body__list-span\">DNI terminados en 0 y 1: 24 de abril<\/span><\/li>\n<li class=\"article-body__list-item\"><span class=\"article-body__list-span\">DNI terminados en 2 y 3: 27 de abril<\/span><\/li>\n<li class=\"article-body__list-item\"><span class=\"article-body__list-span\">DNI terminados en 4 y 5: 28 de abril<\/span><\/li>\n<li class=\"article-body__list-item\"><span class=\"article-body__list-span\">DNI terminados en 6 y 7: 29 de abril<\/span><\/li>\n<li class=\"article-body__list-item\"><span class=\"article-body__list-span\">DNI terminados en 8 y 9: 30 de abril<\/span><\/li>\n<\/ul>\n<h2 class=\"article-body__heading-h2\"><strong>AUH y asignaciones: fechas de cobro<\/strong><\/h2>\n<h3 class=\"article-body__heading-h3\">Asignaci\u00f3n Universal por Hijo (AUH) y Asignaci\u00f3n Familiar<\/h3>\n<ul class=\"article-body__list-ul\">\n<li class=\"article-body__list-item\"><span class=\"article-body__list-span\">DNI terminados en 6: 20 de abril<\/span><\/li>\n<li class=\"article-body__list-item\"><span class=\"article-body__list-span\">DNI terminados en 7: 21 de abril<\/span><\/li>\n<li class=\"article-body__list-item\"><span class=\"article-body__list-span\">DNI terminados en 8: 22 de abril<\/span><\/li>\n<li class=\"article-body__list-item\"><span class=\"article-body__list-span\">DNI terminados en 9: 23 de abril<\/span><\/li>\n<\/ul>\n<h3 class=\"article-body__heading-h3\">Asignaci\u00f3n por Embarazo<\/h3>\n<ul class=\"article-body__list-ul\">\n<li class=\"article-body__list-item\"><span class=\"article-body__list-span\">DNI terminados en 6: 20 de abril<\/span><\/li>\n<li class=\"article-body__list-item\"><span class=\"article-body__list-span\">DNI terminados en 7: 21 de abril<\/span><\/li>\n<li class=\"article-body__list-item\"><span class=\"article-body__list-span\">DNI terminados en 8: 22 de abril<\/span><\/li>\n<li class=\"article-body__list-item\"><span class=\"article-body__list-span\">DNI terminados en 9: 23 de abril<\/span><\/li>\n<\/ul>\n<h3 class=\"article-body__heading-h3\">Asignaci\u00f3n Prenatal<\/h3>\n<ul class=\"article-body__list-ul\">\n<li class=\"article-body__list-item\"><span class=\"article-body__list-span\">DNI terminados en 8 y 9: 20 de abril<\/span><\/li>\n<\/ul>\n<h3 class=\"article-body__heading-h3\">Otras prestaciones<\/h3>\n<ul class=\"article-body__list-ul\">\n<li class=\"article-body__list-item\"><span class=\"article-body__list-span\"><strong>Asignaci\u00f3n por Maternidad:\u00a0<\/strong>hasta el 12 de mayo (todas las terminaciones)<\/span><\/li>\n<li class=\"article-body__list-item\"><span class=\"article-body__list-span\"><strong>Pago \u00danico (matrimonio, nacimiento, adopci\u00f3n):<\/strong>\u00a0hasta el 12 de mayo<\/span><\/li>\n<\/ul>\n<h3 class=\"article-body__heading-h3\">Prestaci\u00f3n por Desempleo<\/h3>\n<ul class=\"article-body__list-ul\">\n<li class=\"article-body__list-item\"><span class=\"article-body__list-span\">DNI terminados en 0 y 1: 22 de abril<\/span><\/li>\n<li class=\"article-body__list-item\"><span class=\"article-body__list-span\">DNI terminados en 2 y 3: 23 de abril<\/span><\/li>\n<li class=\"article-body__list-item\"><span class=\"article-body__list-span\">DNI terminados en 4 y 5: 24 de abril<\/span><\/li>\n<li class=\"article-body__list-item\"><span class=\"article-body__list-span\">DNI terminados en 6 y 7: 27 de abril<\/span><\/li>\n<li class=\"article-body__list-item\"><span class=\"article-body__list-span\">DNI terminados en 8 y 9: 28 de abril<\/span><\/li>\n<\/ul>\n<h2 class=\"article-body__heading-h2\">Aumento de ANSES en abril: cu\u00e1nto suben las prestaciones<\/h2>\n<p class=\"article-body__paragraph\">Las prestaciones sociales que liquida ANSES registran en abril un\u00a0<strong>incremento del 2,90%<\/strong>, aplicado seg\u00fan el \u00edndice de inflaci\u00f3n de febrero. Este ajuste forma parte del esquema de actualizaci\u00f3n mensual vigente.<\/p>\n","protected":false},"excerpt":{"rendered":"<p>Cobran jubilados y pensionados con haber m\u00ednimo, AUH, Asignaci\u00f3n por Embarazo y otras asignaciones, con aumento del 2,9% y bono extraordinario para jubilaciones m\u00ednimas. &nbsp; La\u00a0ANSES\u00a0contin\u00faa este\u00a0lunes 20 de abril\u00a0con el calendario de pagos\u00a0correspondiente al cuarto mes del a\u00f1o. Durante esta jornada,\u00a0miles de beneficiarios\u00a0acceden a sus haberes, incluyendo\u00a0jubilados y pensionados con ingresos m\u00ednimos, titulares de [&hellip;]<\/p>\n","protected":false},"author":2,"featured_media":9084,"comment_status":"open","ping_status":"open","sticky":false,"template":"","format":"standard","meta":{"footnotes":""},"categories":[78],"tags":[],"class_list":{"0":"post-9083","1":"post","2":"type-post","3":"status-publish","4":"format-standard","5":"has-post-thumbnail","7":"category-generales"},"_links":{"self":[{"href":"https:\/\/elpueblonoticia.com.ar\/web\/wp-json\/wp\/v2\/posts\/9083","targetHints":{"allow":["GET"]}}],"collection":[{"href":"https:\/\/elpueblonoticia.com.ar\/web\/wp-json\/wp\/v2\/posts"}],"about":[{"href":"https:\/\/elpueblonoticia.com.ar\/web\/wp-json\/wp\/v2\/types\/post"}],"author":[{"embeddable":true,"href":"https:\/\/elpueblonoticia.com.ar\/web\/wp-json\/wp\/v2\/users\/2"}],"replies":[{"embeddable":true,"href":"https:\/\/elpueblonoticia.com.ar\/web\/wp-json\/wp\/v2\/comments?post=9083"}],"version-history":[{"count":1,"href":"https:\/\/elpueblonoticia.com.ar\/web\/wp-json\/wp\/v2\/posts\/9083\/revisions"}],"predecessor-version":[{"id":9085,"href":"https:\/\/elpueblonoticia.com.ar\/web\/wp-json\/wp\/v2\/posts\/9083\/revisions\/9085"}],"wp:featuredmedia":[{"embeddable":true,"href":"https:\/\/elpueblonoticia.com.ar\/web\/wp-json\/wp\/v2\/media\/9084"}],"wp:attachment":[{"href":"https:\/\/elpueblonoticia.com.ar\/web\/wp-json\/wp\/v2\/media?parent=9083"}],"wp:term":[{"taxonomy":"category","embeddable":true,"href":"https:\/\/elpueblonoticia.com.ar\/web\/wp-json\/wp\/v2\/categories?post=9083"},{"taxonomy":"post_tag","embeddable":true,"href":"https:\/\/elpueblonoticia.com.ar\/web\/wp-json\/wp\/v2\/tags?post=9083"}],"curies":[{"name":"wp","href":"https:\/\/api.w.org\/{rel}","templated":true}]}}