{"id":9079,"date":"2026-04-20T08:52:36","date_gmt":"2026-04-20T11:52:36","guid":{"rendered":"https:\/\/elpueblonoticia.com.ar\/web\/?p=9079"},"modified":"2026-04-20T08:52:36","modified_gmt":"2026-04-20T11:52:36","slug":"operativo-medico-asistencial-en-la-zona-rural-2","status":"publish","type":"post","link":"https:\/\/elpueblonoticia.com.ar\/web\/2026\/04\/20\/operativo-medico-asistencial-en-la-zona-rural-2\/","title":{"rendered":"Operativo m\u00e9dico asistencial en la zona rural"},"content":{"rendered":"<div id=\"modalIntrotext\">\n<div>Esta semana los d\u00edas martes y jueves se desplegar\u00e1 el dispositivo m\u00e9dico asistencial en los Parajes Ifr\u00e1n y Cocalito.<\/div>\n<div><\/div>\n<div>\n<div><b>MARTES 21<\/b><\/div>\n<div><\/div>\n<div>En la continuidad del esquema de Atenci\u00f3n Primaria de la Salud y Asistencia a las familias de la zona rural, se desplegar\u00e1 el dispositivo m\u00e9dico asistencial en el Paraje Ifr\u00e1n, desde las 9 horas, en el local de la Escuela 462 &#8220;Luis Yacuzzi&#8221; .<\/div>\n<div><\/div>\n<div><\/div>\n<div><\/div>\n<div>Adem\u00e1s del control m\u00e9dico correspondiente, se completar\u00e1 el operativo con el aporte de m\u00f3dulos desde la Delegaci\u00f3n Goya de Desarrollo Social de m\u00f3dulos.<\/div>\n<div><\/div>\n<div><b>JUEVES 23<\/b><\/div>\n<div><\/div>\n<div>Id\u00e9ntico operativo se realizar\u00e1 el jueves, desde las 9 horas, en el Paraje Cocalito, domicilio de Do\u00f1a Eca<\/div>\n<div><\/div>\n<\/div>\n<\/div>\n","protected":false},"excerpt":{"rendered":"<p>Esta semana los d\u00edas martes y jueves se desplegar\u00e1 el dispositivo m\u00e9dico asistencial en los Parajes Ifr\u00e1n y Cocalito. MARTES 21 En la continuidad del esquema de Atenci\u00f3n Primaria de la Salud y Asistencia a las familias de la zona rural, se desplegar\u00e1 el dispositivo m\u00e9dico asistencial en el Paraje Ifr\u00e1n, desde las 9 horas, [&hellip;]<\/p>\n","protected":false},"author":2,"featured_media":9080,"comment_status":"open","ping_status":"open","sticky":false,"template":"","format":"standard","meta":{"footnotes":""},"categories":[78],"tags":[],"class_list":{"0":"post-9079","1":"post","2":"type-post","3":"status-publish","4":"format-standard","5":"has-post-thumbnail","7":"category-generales"},"_links":{"self":[{"href":"https:\/\/elpueblonoticia.com.ar\/web\/wp-json\/wp\/v2\/posts\/9079","targetHints":{"allow":["GET"]}}],"collection":[{"href":"https:\/\/elpueblonoticia.com.ar\/web\/wp-json\/wp\/v2\/posts"}],"about":[{"href":"https:\/\/elpueblonoticia.com.ar\/web\/wp-json\/wp\/v2\/types\/post"}],"author":[{"embeddable":true,"href":"https:\/\/elpueblonoticia.com.ar\/web\/wp-json\/wp\/v2\/users\/2"}],"replies":[{"embeddable":true,"href":"https:\/\/elpueblonoticia.com.ar\/web\/wp-json\/wp\/v2\/comments?post=9079"}],"version-history":[{"count":1,"href":"https:\/\/elpueblonoticia.com.ar\/web\/wp-json\/wp\/v2\/posts\/9079\/revisions"}],"predecessor-version":[{"id":9081,"href":"https:\/\/elpueblonoticia.com.ar\/web\/wp-json\/wp\/v2\/posts\/9079\/revisions\/9081"}],"wp:featuredmedia":[{"embeddable":true,"href":"https:\/\/elpueblonoticia.com.ar\/web\/wp-json\/wp\/v2\/media\/9080"}],"wp:attachment":[{"href":"https:\/\/elpueblonoticia.com.ar\/web\/wp-json\/wp\/v2\/media?parent=9079"}],"wp:term":[{"taxonomy":"category","embeddable":true,"href":"https:\/\/elpueblonoticia.com.ar\/web\/wp-json\/wp\/v2\/categories?post=9079"},{"taxonomy":"post_tag","embeddable":true,"href":"https:\/\/elpueblonoticia.com.ar\/web\/wp-json\/wp\/v2\/tags?post=9079"}],"curies":[{"name":"wp","href":"https:\/\/api.w.org\/{rel}","templated":true}]}}