{"id":9074,"date":"2026-04-20T08:46:41","date_gmt":"2026-04-20T11:46:41","guid":{"rendered":"https:\/\/elpueblonoticia.com.ar\/web\/?p=9074"},"modified":"2026-04-20T08:46:41","modified_gmt":"2026-04-20T11:46:41","slug":"prefectura-goya-designo-al-nuevo-suboficial-encargado","status":"publish","type":"post","link":"https:\/\/elpueblonoticia.com.ar\/web\/2026\/04\/20\/prefectura-goya-designo-al-nuevo-suboficial-encargado\/","title":{"rendered":"PREFECTURA GOYA DESIGN\u00d3 AL NUEVO SUBOFICIAL ENCARGADO"},"content":{"rendered":"<div>\n<p><strong>En una emotiva ceremonia realizada en la localidad correntina de Goya, la Prefectura Naval Argentina design\u00f3 al nuevo Suboficial Encargado local, se trata del ayudante principal Miguel \u00c1ngel Zalazar, quien releva en el cargo al ayudante principal Rafael Bernab\u00e9 Rivero.<\/strong><\/p>\n<p>&nbsp;<\/p>\n<p>El evento fue presidido por el jefe de la Prefectura Goya, prefecto Marcelo Sebasti\u00e1n Regondi, quien hizo entrega del cord\u00f3n que acompa\u00f1ar\u00e1 durante la gesti\u00f3n al citado ayudante principal. La celebraci\u00f3n cont\u00f3 con la participaci\u00f3n de personal superior y subalterno de la Instituci\u00f3n y familiares.<\/p>\n<p>El cargo de Suboficial Encargado constituye un rol clave dentro de la estructura de la Fuerza, al actuar como nexo entre el personal subalterno y superior, con responsabilidades vinculadas a la disciplina, el bienestar y la transmisi\u00f3n de directivas.<\/p>\n<\/div>\n<div class=\"s2s_supra_contenedor lang_directon_right s2sdefault  align_left  s2s_balloon_bottom \">\n<div class=\"s2s_contenedor  s2s_no_text  s2s-btn-group\">\n<div class=\"s2s_twitter s2s_btn s2s-btn-xs \">\n<div class=\"globo s2s_globo_closed s2s_twitter_iframe\"><\/div>\n<\/div>\n<div class=\"s2s_facebook s2s_btn s2s-btn-xs \">\n<div class=\"globo s2s_globo_closed s2s_facebook_iframe\"><\/div>\n<\/div>\n<div class=\"s2s_wapp s2s_btn s2s-btn-xs  \">\n<div class=\"globo s2s_globo_closed s2s_wapp_iframe\"><\/div>\n<\/div>\n<\/div>\n<div class=\"s2s_credits_wrapper\"><\/div>\n<\/div>\n","protected":false},"excerpt":{"rendered":"<p>En una emotiva ceremonia realizada en la localidad correntina de Goya, la Prefectura Naval Argentina design\u00f3 al nuevo Suboficial Encargado local, se trata del ayudante principal Miguel \u00c1ngel Zalazar, quien releva en el cargo al ayudante principal Rafael Bernab\u00e9 Rivero. &nbsp; El evento fue presidido por el jefe de la Prefectura Goya, prefecto Marcelo Sebasti\u00e1n [&hellip;]<\/p>\n","protected":false},"author":2,"featured_media":9075,"comment_status":"open","ping_status":"open","sticky":false,"template":"","format":"standard","meta":{"footnotes":""},"categories":[56],"tags":[],"class_list":{"0":"post-9074","1":"post","2":"type-post","3":"status-publish","4":"format-standard","5":"has-post-thumbnail","7":"category-locales"},"_links":{"self":[{"href":"https:\/\/elpueblonoticia.com.ar\/web\/wp-json\/wp\/v2\/posts\/9074","targetHints":{"allow":["GET"]}}],"collection":[{"href":"https:\/\/elpueblonoticia.com.ar\/web\/wp-json\/wp\/v2\/posts"}],"about":[{"href":"https:\/\/elpueblonoticia.com.ar\/web\/wp-json\/wp\/v2\/types\/post"}],"author":[{"embeddable":true,"href":"https:\/\/elpueblonoticia.com.ar\/web\/wp-json\/wp\/v2\/users\/2"}],"replies":[{"embeddable":true,"href":"https:\/\/elpueblonoticia.com.ar\/web\/wp-json\/wp\/v2\/comments?post=9074"}],"version-history":[{"count":2,"href":"https:\/\/elpueblonoticia.com.ar\/web\/wp-json\/wp\/v2\/posts\/9074\/revisions"}],"predecessor-version":[{"id":9077,"href":"https:\/\/elpueblonoticia.com.ar\/web\/wp-json\/wp\/v2\/posts\/9074\/revisions\/9077"}],"wp:featuredmedia":[{"embeddable":true,"href":"https:\/\/elpueblonoticia.com.ar\/web\/wp-json\/wp\/v2\/media\/9075"}],"wp:attachment":[{"href":"https:\/\/elpueblonoticia.com.ar\/web\/wp-json\/wp\/v2\/media?parent=9074"}],"wp:term":[{"taxonomy":"category","embeddable":true,"href":"https:\/\/elpueblonoticia.com.ar\/web\/wp-json\/wp\/v2\/categories?post=9074"},{"taxonomy":"post_tag","embeddable":true,"href":"https:\/\/elpueblonoticia.com.ar\/web\/wp-json\/wp\/v2\/tags?post=9074"}],"curies":[{"name":"wp","href":"https:\/\/api.w.org\/{rel}","templated":true}]}}