{"id":9070,"date":"2026-04-20T08:38:38","date_gmt":"2026-04-20T11:38:38","guid":{"rendered":"https:\/\/elpueblonoticia.com.ar\/web\/?p=9070"},"modified":"2026-04-20T08:38:38","modified_gmt":"2026-04-20T11:38:38","slug":"torneo-apertura-boca-le-gano-a-river-con-penal-de-paredes-en-un-superclasico-de-mucho-nervio-y-poco-fultbol","status":"publish","type":"post","link":"https:\/\/elpueblonoticia.com.ar\/web\/2026\/04\/20\/torneo-apertura-boca-le-gano-a-river-con-penal-de-paredes-en-un-superclasico-de-mucho-nervio-y-poco-fultbol\/","title":{"rendered":"TORNEO APERTURA: Boca le gan\u00f3 a River con penal de Paredes en un supercl\u00e1sico de mucho nervio y poco f\u00faltbol"},"content":{"rendered":"<p>Boca le gan\u00f3 1-0 a River en una nueva y p\u00e1lida edici\u00f3n del Supercl\u00e1sico del f\u00fatbol argentino. Leandro Paredes, con un penal detectado por el VAR por mano de Lautaro Rivero, marc\u00f3 el \u00fanico gol de la noche y acab\u00f3 con el invicto de Eduardo Coudet. Los de Claudio \u00dabeda, sin mucho brillo, hicieron su partido y aprovecharon para desactivar el juego de su rival, que sufri\u00f3 por la prematura lesi\u00f3n de Sebasti\u00e1n Driussi.<\/p>\n<p>&nbsp;<\/p>\n<div><b>\u00a0 \u00a0 \u00a0 \u00a0 \u00a0 \u00a0 \u00a0 \u00a0 \u00a0 \u00a0 \u00a0 \u00a0 \u00a0 \u00a0 \u00a0 \u00a0 \u00a0 \u00a0 \u00a0 \u00a0 \u00a0 \u00a0 \u00a0 \u00a0 \u00a0 \u00a0 \u00a0 \u00a0 \u00a0 \u00a0Paredes:\u00a0<\/b><\/div>\n<div><b>\u00a0 \u00a0 \u00a0 \u00a0 \u00a0 \u00a0 \u00a0 \u00a0 \u00a0 \u00a0 \u00a0 \u00a0 \u00a0 \u00a0 \u00a0 \u00a0 \u00a0 &#8220;Conseguimos lo que vinimos a buscar&#8221;<\/b><\/div>\n<div><\/div>\n<div>&#8220;Lo importante era ganar, vinimos a esta cancha a eso. Estoy orgulloso de este grupo que poco a poco se va convirtiendo en un equipo de hombres. Sab\u00edamos que se iba a jugar poco, la cancha no estaba bien. \u00bfEl festejo del gol? No estaba pensado, sali\u00f3 de esa manera. Este equipo quiere ganar cosas importantes y vamos por el buen camino. A los 20 del primer tiempo sent\u00ed una molestia en el isquio, por suerte tengo compa\u00f1eros que me puede reemplazar muy bien. Esto es una continuidad de lo que venimos haciendo, en este proceso vamos de menor a mayor. Vamos bien por este camino&#8221;<\/div>\n","protected":false},"excerpt":{"rendered":"<p>Boca le gan\u00f3 1-0 a River en una nueva y p\u00e1lida edici\u00f3n del Supercl\u00e1sico del f\u00fatbol argentino. Leandro Paredes, con un penal detectado por el VAR por mano de Lautaro Rivero, marc\u00f3 el \u00fanico gol de la noche y acab\u00f3 con el invicto de Eduardo Coudet. Los de Claudio \u00dabeda, sin mucho brillo, hicieron su [&hellip;]<\/p>\n","protected":false},"author":2,"featured_media":9071,"comment_status":"open","ping_status":"open","sticky":false,"template":"","format":"standard","meta":{"footnotes":""},"categories":[76],"tags":[],"class_list":{"0":"post-9070","1":"post","2":"type-post","3":"status-publish","4":"format-standard","5":"has-post-thumbnail","7":"category-deportes"},"_links":{"self":[{"href":"https:\/\/elpueblonoticia.com.ar\/web\/wp-json\/wp\/v2\/posts\/9070","targetHints":{"allow":["GET"]}}],"collection":[{"href":"https:\/\/elpueblonoticia.com.ar\/web\/wp-json\/wp\/v2\/posts"}],"about":[{"href":"https:\/\/elpueblonoticia.com.ar\/web\/wp-json\/wp\/v2\/types\/post"}],"author":[{"embeddable":true,"href":"https:\/\/elpueblonoticia.com.ar\/web\/wp-json\/wp\/v2\/users\/2"}],"replies":[{"embeddable":true,"href":"https:\/\/elpueblonoticia.com.ar\/web\/wp-json\/wp\/v2\/comments?post=9070"}],"version-history":[{"count":1,"href":"https:\/\/elpueblonoticia.com.ar\/web\/wp-json\/wp\/v2\/posts\/9070\/revisions"}],"predecessor-version":[{"id":9072,"href":"https:\/\/elpueblonoticia.com.ar\/web\/wp-json\/wp\/v2\/posts\/9070\/revisions\/9072"}],"wp:featuredmedia":[{"embeddable":true,"href":"https:\/\/elpueblonoticia.com.ar\/web\/wp-json\/wp\/v2\/media\/9071"}],"wp:attachment":[{"href":"https:\/\/elpueblonoticia.com.ar\/web\/wp-json\/wp\/v2\/media?parent=9070"}],"wp:term":[{"taxonomy":"category","embeddable":true,"href":"https:\/\/elpueblonoticia.com.ar\/web\/wp-json\/wp\/v2\/categories?post=9070"},{"taxonomy":"post_tag","embeddable":true,"href":"https:\/\/elpueblonoticia.com.ar\/web\/wp-json\/wp\/v2\/tags?post=9070"}],"curies":[{"name":"wp","href":"https:\/\/api.w.org\/{rel}","templated":true}]}}