{"id":9067,"date":"2026-04-20T08:22:51","date_gmt":"2026-04-20T11:22:51","guid":{"rendered":"https:\/\/elpueblonoticia.com.ar\/web\/?p=9067"},"modified":"2026-04-20T08:22:51","modified_gmt":"2026-04-20T11:22:51","slug":"este-viernes-24-de-abril-iniciaria-el-pago-de-salarios-a-estatales-correntinos-sin-la-liquidacion-del-aumento-a-judiciales","status":"publish","type":"post","link":"https:\/\/elpueblonoticia.com.ar\/web\/2026\/04\/20\/este-viernes-24-de-abril-iniciaria-el-pago-de-salarios-a-estatales-correntinos-sin-la-liquidacion-del-aumento-a-judiciales\/","title":{"rendered":"Este viernes 24 de abril iniciar\u00eda el pago de salarios a estatales correntinos sin la liquidaci\u00f3n del aumento a judiciales"},"content":{"rendered":"<p><strong>Info general<\/strong><\/p>\n<p>Lunes 20 de Abril de 2026<\/p>\n<p>En los pr\u00f3ximos d\u00edas se informar\u00e1 oficialmente el pago de salarios de abril, a estatales, ser\u00e1 sin el 6% de aumento a empleados y funcionarios judiciales de la provincia.<\/p>\n<p>La pol\u00e9mica entre el Poder Ejecutivo y Judicial de la provincia, continuar\u00e1 en esta presente semana debido a que los agentes judiciales y funcionarios de ese poder, no percibir\u00e1n el 6% de aumento salarial establecido por el Superior Tribunal de Justicia (STJ).<\/p>\n<p>Este 6% completa el 12% fijado por la Corte provincial a fines de febrero pasado y que se deber\u00eda pagar, en dos tramos, la primera mitad se liquid\u00f3 en marzo pasado y lo restante deber\u00eda hacerse lo propio este mes.<\/p>\n<p>Sin embargo, el ministerio de Hacienda y Finanzas de la provincia comunic\u00f3 a los magistrados del STJ que dicho incremento no se puede liquidar debido a que generar\u00eda un d\u00e9ficit de $38.000 millones al Poder Judicial a corto plazo.<\/p>\n<p>Por parte del sindicato que representa a los trabajadores, insistieron en que el aumento se liquide y tambi\u00e9n se expres\u00f3 en ese sentido la federaci\u00f3n nacional de trabajadores de la Justicia en Argentina.<\/p>\n<p>Hasta el viernes de la semana pasada se supo que las liquidaciones con el 6% de aumento, no fueron cargadas con esa mejora salarial.<\/p>\n<p>Fuente : Cteshoy.com<\/p>\n","protected":false},"excerpt":{"rendered":"<p>Info general Lunes 20 de Abril de 2026 En los pr\u00f3ximos d\u00edas se informar\u00e1 oficialmente el pago de salarios de abril, a estatales, ser\u00e1 sin el 6% de aumento a empleados y funcionarios judiciales de la provincia. La pol\u00e9mica entre el Poder Ejecutivo y Judicial de la provincia, continuar\u00e1 en esta presente semana debido a [&hellip;]<\/p>\n","protected":false},"author":2,"featured_media":9068,"comment_status":"open","ping_status":"open","sticky":false,"template":"","format":"standard","meta":{"footnotes":""},"categories":[77],"tags":[],"class_list":{"0":"post-9067","1":"post","2":"type-post","3":"status-publish","4":"format-standard","5":"has-post-thumbnail","7":"category-paso-de-los-libres"},"_links":{"self":[{"href":"https:\/\/elpueblonoticia.com.ar\/web\/wp-json\/wp\/v2\/posts\/9067","targetHints":{"allow":["GET"]}}],"collection":[{"href":"https:\/\/elpueblonoticia.com.ar\/web\/wp-json\/wp\/v2\/posts"}],"about":[{"href":"https:\/\/elpueblonoticia.com.ar\/web\/wp-json\/wp\/v2\/types\/post"}],"author":[{"embeddable":true,"href":"https:\/\/elpueblonoticia.com.ar\/web\/wp-json\/wp\/v2\/users\/2"}],"replies":[{"embeddable":true,"href":"https:\/\/elpueblonoticia.com.ar\/web\/wp-json\/wp\/v2\/comments?post=9067"}],"version-history":[{"count":1,"href":"https:\/\/elpueblonoticia.com.ar\/web\/wp-json\/wp\/v2\/posts\/9067\/revisions"}],"predecessor-version":[{"id":9069,"href":"https:\/\/elpueblonoticia.com.ar\/web\/wp-json\/wp\/v2\/posts\/9067\/revisions\/9069"}],"wp:featuredmedia":[{"embeddable":true,"href":"https:\/\/elpueblonoticia.com.ar\/web\/wp-json\/wp\/v2\/media\/9068"}],"wp:attachment":[{"href":"https:\/\/elpueblonoticia.com.ar\/web\/wp-json\/wp\/v2\/media?parent=9067"}],"wp:term":[{"taxonomy":"category","embeddable":true,"href":"https:\/\/elpueblonoticia.com.ar\/web\/wp-json\/wp\/v2\/categories?post=9067"},{"taxonomy":"post_tag","embeddable":true,"href":"https:\/\/elpueblonoticia.com.ar\/web\/wp-json\/wp\/v2\/tags?post=9067"}],"curies":[{"name":"wp","href":"https:\/\/api.w.org\/{rel}","templated":true}]}}