{"id":9063,"date":"2026-04-20T08:12:05","date_gmt":"2026-04-20T11:12:05","guid":{"rendered":"https:\/\/elpueblonoticia.com.ar\/web\/?p=9063"},"modified":"2026-04-20T08:12:05","modified_gmt":"2026-04-20T11:12:05","slug":"policia-de-franco-frustro-el-robo-de-una-moto-en-paso-de-los-libres-hay-un-detenido","status":"publish","type":"post","link":"https:\/\/elpueblonoticia.com.ar\/web\/2026\/04\/20\/policia-de-franco-frustro-el-robo-de-una-moto-en-paso-de-los-libres-hay-un-detenido\/","title":{"rendered":"Polic\u00eda de franco frustr\u00f3 el robo de una moto en Paso de los Libres: hay un detenido"},"content":{"rendered":"<p><strong>Policiales<\/strong><\/p>\n<p>Lunes 20 de Abril de 2026<\/p>\n<p>El efectivo reconoci\u00f3 a uno de los ladrones y lo redujo en un bald\u00edo cerca del Puente La Uni\u00f3n. Se recuper\u00f3 la Honda 125cc sustra\u00edda y se secuestr\u00f3 otra moto con papeles irregulares.<\/p>\n<p>Un efectivo policial que se encontraba fuera de servicio logr\u00f3 frustrar el robo de una motocicleta este domingo en inmediaciones de calle Melogno. El procedimiento culmin\u00f3 con un detenido y el recupero del veh\u00edculo sustra\u00eddo.<\/p>\n<p>El episodio se origin\u00f3 cuando el oficial regresaba a su domicilio y advirti\u00f3 a dos sujetos que trasladaban a pie una Honda 125cc de color azul con signos evidentes de haber sido violentada.<\/p>\n<p>Tras reconocer a uno de los sospechosos \u2014un joven de 20 a\u00f1os con antecedentes en la zona\u2014, el efectivo inici\u00f3 un seguimiento sigiloso hasta un sector bald\u00edo cercano al Puente La Uni\u00f3n. All\u00ed, tras dar la voz de alto, logr\u00f3 reducir al implicado en el lugar. El segundo c\u00f3mplice consigui\u00f3 darse a la fuga perdi\u00e9ndose entre la vegetaci\u00f3n.<\/p>\n<p>Gracias a la r\u00e1pida intervenci\u00f3n, se pudo recuperar la unidad apenas minutos antes de que su propietario radicara la denuncia formal por el robo.<\/p>\n<p>Adem\u00e1s, en el lugar se secuestr\u00f3 una segunda motocicleta de 110cc que presentaba irregularidades en su documentaci\u00f3n y que habr\u00eda sido utilizada para cometer el il\u00edcito.<\/p>\n<p>Tanto el detenido como los rodados fueron trasladados a la dependencia policial para continuar con las actuaciones correspondientes.<\/p>\n<p>La investigaci\u00f3n sigue para dar con el paradero del segundo implicado.<\/p>\n<p><img loading=\"lazy\" decoding=\"async\" class=\"alignnone size-medium wp-image-9064\" src=\"https:\/\/elpueblonoticia.com.ar\/web\/wp-content\/uploads\/2026\/04\/672685929_952895997620769_7454996972312872050_n-300x225.jpg\" alt=\"\" width=\"300\" height=\"225\" srcset=\"https:\/\/elpueblonoticia.com.ar\/web\/wp-content\/uploads\/2026\/04\/672685929_952895997620769_7454996972312872050_n-300x225.jpg 300w, https:\/\/elpueblonoticia.com.ar\/web\/wp-content\/uploads\/2026\/04\/672685929_952895997620769_7454996972312872050_n-560x420.jpg 560w, https:\/\/elpueblonoticia.com.ar\/web\/wp-content\/uploads\/2026\/04\/672685929_952895997620769_7454996972312872050_n-80x60.jpg 80w, https:\/\/elpueblonoticia.com.ar\/web\/wp-content\/uploads\/2026\/04\/672685929_952895997620769_7454996972312872050_n-696x522.jpg 696w, https:\/\/elpueblonoticia.com.ar\/web\/wp-content\/uploads\/2026\/04\/672685929_952895997620769_7454996972312872050_n-265x198.jpg 265w, https:\/\/elpueblonoticia.com.ar\/web\/wp-content\/uploads\/2026\/04\/672685929_952895997620769_7454996972312872050_n.jpg 720w\" sizes=\"auto, (max-width: 300px) 100vw, 300px\" \/><\/p>\n","protected":false},"excerpt":{"rendered":"<p>Policiales Lunes 20 de Abril de 2026 El efectivo reconoci\u00f3 a uno de los ladrones y lo redujo en un bald\u00edo cerca del Puente La Uni\u00f3n. Se recuper\u00f3 la Honda 125cc sustra\u00edda y se secuestr\u00f3 otra moto con papeles irregulares. Un efectivo policial que se encontraba fuera de servicio logr\u00f3 frustrar el robo de una [&hellip;]<\/p>\n","protected":false},"author":2,"featured_media":9065,"comment_status":"open","ping_status":"open","sticky":false,"template":"","format":"standard","meta":{"footnotes":""},"categories":[77],"tags":[],"class_list":{"0":"post-9063","1":"post","2":"type-post","3":"status-publish","4":"format-standard","5":"has-post-thumbnail","7":"category-paso-de-los-libres"},"_links":{"self":[{"href":"https:\/\/elpueblonoticia.com.ar\/web\/wp-json\/wp\/v2\/posts\/9063","targetHints":{"allow":["GET"]}}],"collection":[{"href":"https:\/\/elpueblonoticia.com.ar\/web\/wp-json\/wp\/v2\/posts"}],"about":[{"href":"https:\/\/elpueblonoticia.com.ar\/web\/wp-json\/wp\/v2\/types\/post"}],"author":[{"embeddable":true,"href":"https:\/\/elpueblonoticia.com.ar\/web\/wp-json\/wp\/v2\/users\/2"}],"replies":[{"embeddable":true,"href":"https:\/\/elpueblonoticia.com.ar\/web\/wp-json\/wp\/v2\/comments?post=9063"}],"version-history":[{"count":1,"href":"https:\/\/elpueblonoticia.com.ar\/web\/wp-json\/wp\/v2\/posts\/9063\/revisions"}],"predecessor-version":[{"id":9066,"href":"https:\/\/elpueblonoticia.com.ar\/web\/wp-json\/wp\/v2\/posts\/9063\/revisions\/9066"}],"wp:featuredmedia":[{"embeddable":true,"href":"https:\/\/elpueblonoticia.com.ar\/web\/wp-json\/wp\/v2\/media\/9065"}],"wp:attachment":[{"href":"https:\/\/elpueblonoticia.com.ar\/web\/wp-json\/wp\/v2\/media?parent=9063"}],"wp:term":[{"taxonomy":"category","embeddable":true,"href":"https:\/\/elpueblonoticia.com.ar\/web\/wp-json\/wp\/v2\/categories?post=9063"},{"taxonomy":"post_tag","embeddable":true,"href":"https:\/\/elpueblonoticia.com.ar\/web\/wp-json\/wp\/v2\/tags?post=9063"}],"curies":[{"name":"wp","href":"https:\/\/api.w.org\/{rel}","templated":true}]}}