{"id":9057,"date":"2026-04-20T06:15:55","date_gmt":"2026-04-20T09:15:55","guid":{"rendered":"https:\/\/elpueblonoticia.com.ar\/web\/?p=9057"},"modified":"2026-04-20T06:15:55","modified_gmt":"2026-04-20T09:15:55","slug":"se-salvo-de-milagro-tras-despistar-y-destrozar-su-auto-cerca-de-la-ruta-14","status":"publish","type":"post","link":"https:\/\/elpueblonoticia.com.ar\/web\/2026\/04\/20\/se-salvo-de-milagro-tras-despistar-y-destrozar-su-auto-cerca-de-la-ruta-14\/","title":{"rendered":"Se salv\u00f3 de milagro tras despistar y destrozar su auto cerca de la Ruta 14"},"content":{"rendered":"<p><strong>Policiales<\/strong><\/p>\n<p>Lunes 20 de Abril de 2026<\/p>\n<p>Un joven de 27 a\u00f1os perdi\u00f3 el control de su Fiat Uno y termin\u00f3 entre pastizales, a metros de la intersecci\u00f3n de las rutas 14 y 123. Result\u00f3 con lesiones pero est\u00e1 fuera de peligro.<\/p>\n<p>Un impresionante siniestro vial ocurri\u00f3 este domingo por la ma\u00f1ana en las afueras de la ciudad fronteriza. Un joven de 27 a\u00f1os result\u00f3 lesionado luego de despistar con su veh\u00edculo y terminar entre pastizales, a metros de un zanj\u00f3n.<\/p>\n<p>El hecho se registr\u00f3 cerca de las 8:30 en cercan\u00edas de la intersecci\u00f3n de las rutas nacionales N\u00ba 14 y 123. Por causas que a\u00fan se tratan de esta\u2026<\/p>\n","protected":false},"excerpt":{"rendered":"<p>Policiales Lunes 20 de Abril de 2026 Un joven de 27 a\u00f1os perdi\u00f3 el control de su Fiat Uno y termin\u00f3 entre pastizales, a metros de la intersecci\u00f3n de las rutas 14 y 123. Result\u00f3 con lesiones pero est\u00e1 fuera de peligro. Un impresionante siniestro vial ocurri\u00f3 este domingo por la ma\u00f1ana en las afueras [&hellip;]<\/p>\n","protected":false},"author":2,"featured_media":9058,"comment_status":"open","ping_status":"open","sticky":false,"template":"","format":"standard","meta":{"footnotes":""},"categories":[77],"tags":[],"class_list":{"0":"post-9057","1":"post","2":"type-post","3":"status-publish","4":"format-standard","5":"has-post-thumbnail","7":"category-paso-de-los-libres"},"_links":{"self":[{"href":"https:\/\/elpueblonoticia.com.ar\/web\/wp-json\/wp\/v2\/posts\/9057","targetHints":{"allow":["GET"]}}],"collection":[{"href":"https:\/\/elpueblonoticia.com.ar\/web\/wp-json\/wp\/v2\/posts"}],"about":[{"href":"https:\/\/elpueblonoticia.com.ar\/web\/wp-json\/wp\/v2\/types\/post"}],"author":[{"embeddable":true,"href":"https:\/\/elpueblonoticia.com.ar\/web\/wp-json\/wp\/v2\/users\/2"}],"replies":[{"embeddable":true,"href":"https:\/\/elpueblonoticia.com.ar\/web\/wp-json\/wp\/v2\/comments?post=9057"}],"version-history":[{"count":1,"href":"https:\/\/elpueblonoticia.com.ar\/web\/wp-json\/wp\/v2\/posts\/9057\/revisions"}],"predecessor-version":[{"id":9059,"href":"https:\/\/elpueblonoticia.com.ar\/web\/wp-json\/wp\/v2\/posts\/9057\/revisions\/9059"}],"wp:featuredmedia":[{"embeddable":true,"href":"https:\/\/elpueblonoticia.com.ar\/web\/wp-json\/wp\/v2\/media\/9058"}],"wp:attachment":[{"href":"https:\/\/elpueblonoticia.com.ar\/web\/wp-json\/wp\/v2\/media?parent=9057"}],"wp:term":[{"taxonomy":"category","embeddable":true,"href":"https:\/\/elpueblonoticia.com.ar\/web\/wp-json\/wp\/v2\/categories?post=9057"},{"taxonomy":"post_tag","embeddable":true,"href":"https:\/\/elpueblonoticia.com.ar\/web\/wp-json\/wp\/v2\/tags?post=9057"}],"curies":[{"name":"wp","href":"https:\/\/api.w.org\/{rel}","templated":true}]}}