{"id":9046,"date":"2026-04-19T16:08:33","date_gmt":"2026-04-19T19:08:33","guid":{"rendered":"https:\/\/elpueblonoticia.com.ar\/web\/?p=9046"},"modified":"2026-04-19T16:08:33","modified_gmt":"2026-04-19T19:08:33","slug":"tragedia-en-goya-un-menor-murio-tras-sufrir-una-descargar-electrica","status":"publish","type":"post","link":"https:\/\/elpueblonoticia.com.ar\/web\/2026\/04\/19\/tragedia-en-goya-un-menor-murio-tras-sufrir-una-descargar-electrica\/","title":{"rendered":"Tragedia en Goya:  Un menor muri\u00f3 tras sufrir una descargar el\u00e9ctrica"},"content":{"rendered":"<p>En la noche de ayer 18-04-26, efectivos policiales de la Comisar\u00eda de Distrito Cuarta de Goya, habr\u00edan tomado conocimiento del deceso de un menor de edad, quien habr\u00eda ingresado al nosocomio local, aparentemente tras haber sufrido una descarga el\u00e9ctrica.<\/p>\n<p>Seg\u00fan la informaci\u00f3n preliminar obtenida, el hecho habr\u00eda ocurrido cerca de las 20:30 horas, en un domicilio ubicado por calle Jujuy al N\u00b050 aproximadamente de esta ciudad, donde por causas y circunstancias que se investigan, un menor de 15 a\u00f1os de edad, habr\u00eda recibido una descarga el\u00e9ctrica presumiblemente al tomar contacto con un lavarropas.<\/p>\n<p>Ante tal circunstancia, el mismo fue auxiliado y trasladado al hospital local, donde pese a los esfuerzos realizados por personal de salud, minutos m\u00e1s tarde se produjo su fallecimiento.<\/p>\n<p>En tanto, en la citada dependencia policial se contin\u00faan con las diligencias de rigor con la intervenci\u00f3n de la Unidad Fiscal en turno, desconociendo hasta el momento m\u00e1s detalles y pormenores que rodearon al hecho.<\/p>\n","protected":false},"excerpt":{"rendered":"<p>En la noche de ayer 18-04-26, efectivos policiales de la Comisar\u00eda de Distrito Cuarta de Goya, habr\u00edan tomado conocimiento del deceso de un menor de edad, quien habr\u00eda ingresado al nosocomio local, aparentemente tras haber sufrido una descarga el\u00e9ctrica. Seg\u00fan la informaci\u00f3n preliminar obtenida, el hecho habr\u00eda ocurrido cerca de las 20:30 horas, en un [&hellip;]<\/p>\n","protected":false},"author":2,"featured_media":9047,"comment_status":"open","ping_status":"open","sticky":false,"template":"","format":"standard","meta":{"footnotes":""},"categories":[68],"tags":[],"class_list":{"0":"post-9046","1":"post","2":"type-post","3":"status-publish","4":"format-standard","5":"has-post-thumbnail","7":"category-policiales-nacionales"},"_links":{"self":[{"href":"https:\/\/elpueblonoticia.com.ar\/web\/wp-json\/wp\/v2\/posts\/9046","targetHints":{"allow":["GET"]}}],"collection":[{"href":"https:\/\/elpueblonoticia.com.ar\/web\/wp-json\/wp\/v2\/posts"}],"about":[{"href":"https:\/\/elpueblonoticia.com.ar\/web\/wp-json\/wp\/v2\/types\/post"}],"author":[{"embeddable":true,"href":"https:\/\/elpueblonoticia.com.ar\/web\/wp-json\/wp\/v2\/users\/2"}],"replies":[{"embeddable":true,"href":"https:\/\/elpueblonoticia.com.ar\/web\/wp-json\/wp\/v2\/comments?post=9046"}],"version-history":[{"count":1,"href":"https:\/\/elpueblonoticia.com.ar\/web\/wp-json\/wp\/v2\/posts\/9046\/revisions"}],"predecessor-version":[{"id":9048,"href":"https:\/\/elpueblonoticia.com.ar\/web\/wp-json\/wp\/v2\/posts\/9046\/revisions\/9048"}],"wp:featuredmedia":[{"embeddable":true,"href":"https:\/\/elpueblonoticia.com.ar\/web\/wp-json\/wp\/v2\/media\/9047"}],"wp:attachment":[{"href":"https:\/\/elpueblonoticia.com.ar\/web\/wp-json\/wp\/v2\/media?parent=9046"}],"wp:term":[{"taxonomy":"category","embeddable":true,"href":"https:\/\/elpueblonoticia.com.ar\/web\/wp-json\/wp\/v2\/categories?post=9046"},{"taxonomy":"post_tag","embeddable":true,"href":"https:\/\/elpueblonoticia.com.ar\/web\/wp-json\/wp\/v2\/tags?post=9046"}],"curies":[{"name":"wp","href":"https:\/\/api.w.org\/{rel}","templated":true}]}}