{"id":9038,"date":"2026-04-19T15:49:15","date_gmt":"2026-04-19T18:49:15","guid":{"rendered":"https:\/\/elpueblonoticia.com.ar\/web\/?p=9038"},"modified":"2026-04-19T15:49:15","modified_gmt":"2026-04-19T18:49:15","slug":"san-expedito-convoca-a-una-multitud-de-fieles-en-su-fiesta-patronal","status":"publish","type":"post","link":"https:\/\/elpueblonoticia.com.ar\/web\/2026\/04\/19\/san-expedito-convoca-a-una-multitud-de-fieles-en-su-fiesta-patronal\/","title":{"rendered":"San Expedito convoca a una multitud de fieles en su fiesta patronal"},"content":{"rendered":"<p>Con motivo de la celebraci\u00f3n del D\u00eda de San Expedito, la Iglesia conmemora este 19 de abril la fiesta en honor al santo que es invocado para pedir su intercesi\u00f3n en las causas urgentes y necesidades apremiantes. A las 18 horas dar\u00e1 inicio la procesi\u00f3n R por las calles del barrio, y posteriormente se celebrar\u00e1 la Santa Misa, que ser\u00e1 presidida por el p\u00e1rroco padre Juan Carlos Mendoza.<\/p>\n<p>Bajo el lema \u201cIglesia, comuni\u00f3n, participaci\u00f3n y misi\u00f3n\u201d, este domingo se llevar\u00e1 a cabo la festividad en su honor en el barrio Las Golondrinas de Goya, en el santuario ubicado sobre calle Bartolom\u00e9 Mitre, a metros de la avenida Eva Per\u00f3n, donde se espera una importante concurrencia de fieles y devotos.<\/p>\n<p>A las 18 horas dar\u00e1 inicio la procesi\u00f3n con la imagen del santo por las calles del barrio, y posteriormente se celebrar\u00e1 la Santa Misa, que ser\u00e1 presidida por el p\u00e1rroco padre Juan Carlos Mendoza.<\/p>\n<p>Se invita a los fieles a participar llevando im\u00e1genes, cuadros y agua para bendecir.-<\/p>\n","protected":false},"excerpt":{"rendered":"<p>Con motivo de la celebraci\u00f3n del D\u00eda de San Expedito, la Iglesia conmemora este 19 de abril la fiesta en honor al santo que es invocado para pedir su intercesi\u00f3n en las causas urgentes y necesidades apremiantes. A las 18 horas dar\u00e1 inicio la procesi\u00f3n R por las calles del barrio, y posteriormente se celebrar\u00e1 [&hellip;]<\/p>\n","protected":false},"author":2,"featured_media":9039,"comment_status":"open","ping_status":"open","sticky":false,"template":"","format":"standard","meta":{"footnotes":""},"categories":[56],"tags":[],"class_list":{"0":"post-9038","1":"post","2":"type-post","3":"status-publish","4":"format-standard","5":"has-post-thumbnail","7":"category-locales"},"_links":{"self":[{"href":"https:\/\/elpueblonoticia.com.ar\/web\/wp-json\/wp\/v2\/posts\/9038","targetHints":{"allow":["GET"]}}],"collection":[{"href":"https:\/\/elpueblonoticia.com.ar\/web\/wp-json\/wp\/v2\/posts"}],"about":[{"href":"https:\/\/elpueblonoticia.com.ar\/web\/wp-json\/wp\/v2\/types\/post"}],"author":[{"embeddable":true,"href":"https:\/\/elpueblonoticia.com.ar\/web\/wp-json\/wp\/v2\/users\/2"}],"replies":[{"embeddable":true,"href":"https:\/\/elpueblonoticia.com.ar\/web\/wp-json\/wp\/v2\/comments?post=9038"}],"version-history":[{"count":1,"href":"https:\/\/elpueblonoticia.com.ar\/web\/wp-json\/wp\/v2\/posts\/9038\/revisions"}],"predecessor-version":[{"id":9040,"href":"https:\/\/elpueblonoticia.com.ar\/web\/wp-json\/wp\/v2\/posts\/9038\/revisions\/9040"}],"wp:featuredmedia":[{"embeddable":true,"href":"https:\/\/elpueblonoticia.com.ar\/web\/wp-json\/wp\/v2\/media\/9039"}],"wp:attachment":[{"href":"https:\/\/elpueblonoticia.com.ar\/web\/wp-json\/wp\/v2\/media?parent=9038"}],"wp:term":[{"taxonomy":"category","embeddable":true,"href":"https:\/\/elpueblonoticia.com.ar\/web\/wp-json\/wp\/v2\/categories?post=9038"},{"taxonomy":"post_tag","embeddable":true,"href":"https:\/\/elpueblonoticia.com.ar\/web\/wp-json\/wp\/v2\/tags?post=9038"}],"curies":[{"name":"wp","href":"https:\/\/api.w.org\/{rel}","templated":true}]}}