{"id":9035,"date":"2026-04-19T15:47:19","date_gmt":"2026-04-19T18:47:19","guid":{"rendered":"https:\/\/elpueblonoticia.com.ar\/web\/?p=9035"},"modified":"2026-04-19T15:47:19","modified_gmt":"2026-04-19T18:47:19","slug":"prefecrura-goya-designo-al-nuevo-suboficial-encargado","status":"publish","type":"post","link":"https:\/\/elpueblonoticia.com.ar\/web\/2026\/04\/19\/prefecrura-goya-designo-al-nuevo-suboficial-encargado\/","title":{"rendered":"Prefecrura Goya design\u00f3 al nuevo Suboficial Encargado"},"content":{"rendered":"<p>En una emotiva ceremonia realizada en la localidad correntina de Goya, la Prefectura Naval Argentina design\u00f3 al nuevo Suboficial Encargado local, se trata del ayudante principal Miguel \u00c1ngel Zalazar, quien releva en el cargo al ayudante principal Rafael Bernab\u00e9 Rivero.<\/p>\n<p>El evento fue presidido por el jefe de la Prefectura Goya, prefecto Marcelo Sebasti\u00e1n Regondi, quien hizo entrega del cord\u00f3n que acompa\u00f1ar\u00e1 durante la gesti\u00f3n al citado ayudante principal. La celebraci\u00f3n cont\u00f3 con la participaci\u00f3n de personal superior y subalterno de la Instituci\u00f3n y familiares.<\/p>\n<p>El cargo de Suboficial Encargado constituye un rol clave dentro de la estructura de la Fuerza, al actuar como nexo entre el personal subalterno y superior, con responsabilidades vinculadas a la disciplina, el bienestar y la transmisi\u00f3n de directivas.<\/p>\n","protected":false},"excerpt":{"rendered":"<p>En una emotiva ceremonia realizada en la localidad correntina de Goya, la Prefectura Naval Argentina design\u00f3 al nuevo Suboficial Encargado local, se trata del ayudante principal Miguel \u00c1ngel Zalazar, quien releva en el cargo al ayudante principal Rafael Bernab\u00e9 Rivero. El evento fue presidido por el jefe de la Prefectura Goya, prefecto Marcelo Sebasti\u00e1n Regondi, [&hellip;]<\/p>\n","protected":false},"author":2,"featured_media":9036,"comment_status":"open","ping_status":"open","sticky":false,"template":"","format":"standard","meta":{"footnotes":""},"categories":[56],"tags":[],"class_list":{"0":"post-9035","1":"post","2":"type-post","3":"status-publish","4":"format-standard","5":"has-post-thumbnail","7":"category-locales"},"_links":{"self":[{"href":"https:\/\/elpueblonoticia.com.ar\/web\/wp-json\/wp\/v2\/posts\/9035","targetHints":{"allow":["GET"]}}],"collection":[{"href":"https:\/\/elpueblonoticia.com.ar\/web\/wp-json\/wp\/v2\/posts"}],"about":[{"href":"https:\/\/elpueblonoticia.com.ar\/web\/wp-json\/wp\/v2\/types\/post"}],"author":[{"embeddable":true,"href":"https:\/\/elpueblonoticia.com.ar\/web\/wp-json\/wp\/v2\/users\/2"}],"replies":[{"embeddable":true,"href":"https:\/\/elpueblonoticia.com.ar\/web\/wp-json\/wp\/v2\/comments?post=9035"}],"version-history":[{"count":1,"href":"https:\/\/elpueblonoticia.com.ar\/web\/wp-json\/wp\/v2\/posts\/9035\/revisions"}],"predecessor-version":[{"id":9037,"href":"https:\/\/elpueblonoticia.com.ar\/web\/wp-json\/wp\/v2\/posts\/9035\/revisions\/9037"}],"wp:featuredmedia":[{"embeddable":true,"href":"https:\/\/elpueblonoticia.com.ar\/web\/wp-json\/wp\/v2\/media\/9036"}],"wp:attachment":[{"href":"https:\/\/elpueblonoticia.com.ar\/web\/wp-json\/wp\/v2\/media?parent=9035"}],"wp:term":[{"taxonomy":"category","embeddable":true,"href":"https:\/\/elpueblonoticia.com.ar\/web\/wp-json\/wp\/v2\/categories?post=9035"},{"taxonomy":"post_tag","embeddable":true,"href":"https:\/\/elpueblonoticia.com.ar\/web\/wp-json\/wp\/v2\/tags?post=9035"}],"curies":[{"name":"wp","href":"https:\/\/api.w.org\/{rel}","templated":true}]}}