{"id":9029,"date":"2026-04-19T15:42:45","date_gmt":"2026-04-19T18:42:45","guid":{"rendered":"https:\/\/elpueblonoticia.com.ar\/web\/?p=9029"},"modified":"2026-04-19T15:42:45","modified_gmt":"2026-04-19T18:42:45","slug":"quien-es-maria-pia-camuglia-yost-la-nina-de-10-anos-que-salio-campeona-mundial-de-patin","status":"publish","type":"post","link":"https:\/\/elpueblonoticia.com.ar\/web\/2026\/04\/19\/quien-es-maria-pia-camuglia-yost-la-nina-de-10-anos-que-salio-campeona-mundial-de-patin\/","title":{"rendered":"Qui\u00e9n es Mar\u00eda P\u00eda Camuglia Yost, la ni\u00f1a de 10 a\u00f1os que sali\u00f3 campeona mundial de pat\u00edn"},"content":{"rendered":"<p>Con apenas 10 a\u00f1os, la peque\u00f1a santafesina se coron\u00f3 a nivel global y se perfila como una gran apuesta en esa disciplina. \u201cEst\u00e1 s\u00faper feliz\u201d, expres\u00f3 su mam\u00e1.<\/p>\n<p>Con una actuaci\u00f3n que combin\u00f3 t\u00e9cnica y seguridad, Mar\u00eda P\u00eda Camuglia Yostcerr\u00f3 su rutina con una consagraci\u00f3n que sorprendi\u00f3 por su madurez dentro de la pista.<\/p>\n<section class=\"detail-body second-paragraph\">\n<section class=\"body-content note-body content-protected-false\">La patinadora argentina se qued\u00f3 con el t\u00edtulo mundial en la categor\u00eda\u00a0<em>Mini\u00a0<\/em>de la<em>\u00a0Artistic World Cup 2026<\/em>, disputada en Buenos Aires, y empieza a perfilarse como una de las grandes apuestas del pat\u00edn art\u00edstico nacional.<\/p>\n<section class=\"detail-body\">\n<section class=\"body-content note-body content-protected-false\">\n<h2 data-start=\"509\" data-end=\"549\"><strong data-start=\"509\" data-end=\"549\">Un camino que comenz\u00f3 en la infancia<\/strong><\/h2>\n<p data-start=\"551\" data-end=\"844\">Oriunda de la localidad santafesina de Maciel, Mar\u00eda P\u00eda inici\u00f3 su v\u00ednculo con el pat\u00edn a los tres a\u00f1os en el\u00a0Club Maciel. Con el paso del tiempo, su preparaci\u00f3n fue intensific\u00e1ndose, sumando entrenamientos en Rosario y m\u00e1s adelante en Buenos Aires, donde actualmente contin\u00faa desarroll\u00e1ndose.<\/p>\n<section class=\"detail-body\">\n<section class=\"body-content note-body content-protected-false\">\n<h2 data-start=\"846\" data-end=\"881\"><strong data-start=\"846\" data-end=\"881\">La emoci\u00f3n tras la consagraci\u00f3n<\/strong><\/h2>\n<p data-start=\"883\" data-end=\"1128\">El momento de subir al podio qued\u00f3 marcado por la intensidad de lo vivido.\u00a0<strong>\u201c<\/strong>Est\u00e1 s\u00faper feliz, emocionada, recontenta. Cuando subi\u00f3 al podio estaba con una felicidad enorme. Me dec\u00eda: \u2018Era un orgullo re grande, mami\u2019\u201d, relat\u00f3 Nadia Yost, su mam\u00e1.<\/p>\n<\/section>\n<\/section>\n<section class=\"detail-body\">\n<section class=\"body-content note-body content-protected-false\">\n<p data-start=\"1130\" data-end=\"1277\">Seg\u00fan cont\u00f3, la propia Mar\u00eda P\u00eda tambi\u00e9n expres\u00f3 lo que signific\u00f3 este logro:\u00a0<strong>\u201c<\/strong>Dice que es lo mejor que le pas\u00f3 en la vida, que no lo pod\u00eda creer\u201d.<\/p>\n<\/section>\n<\/section>\n<section class=\"detail-body\">\n<section class=\"body-content note-body content-protected-false\">\n<p data-start=\"1279\" data-end=\"1546\">Luego de consagrarse, la joven comparti\u00f3 un mensaje en sus redes sociales donde resumi\u00f3 el esfuerzo detr\u00e1s del resultado:\u00a0<strong>\u201c<\/strong>Detr\u00e1s de esta medalla hay un gran trabajo. Gracias por cada entrenamiento, la dedicaci\u00f3n, la paciencia y la motivaci\u00f3n. Me siento s\u00faper feliz\u201d.<\/p>\n<figure id=\"8213377-Libre-1992131846_wrap\" class=\"embed_cont type_imagen\"><\/figure>\n<h2 data-start=\"1548\" data-end=\"1591\"><strong data-start=\"1548\" data-end=\"1591\">Entrenamiento y acompa\u00f1amiento familiar<\/strong><\/h2>\n<p data-start=\"1593\" data-end=\"1840\">El logro es fruto de una rutina exigente que involucra a toda la familia. Durante el verano, la patinadora se traslad\u00f3 a Buenos Aires para realizar una preparaci\u00f3n intensiva junto a su entrenadora, con quien trabaj\u00f3 durante enero, febrero y marzo.<\/p>\n<p data-start=\"1842\" data-end=\"2071\">Actualmente, combina entrenamientos presenciales con pr\u00e1cticas virtuales.<strong>\u00a0\u201c<\/strong>Viaja todos los fines de semana a Buenos Aires. Entrena s\u00e1bado y domingo doble turno y en la semana entrena con videollamada con su profe\u201d, explic\u00f3 Nadia.<\/p>\n<p data-start=\"2073\" data-end=\"2328\">Adem\u00e1s, los traslados dentro de la provincia forman parte del d\u00eda a d\u00eda.\u00a0<strong>\u201c<\/strong>Vamos hasta Rosario para que pueda patinar mientras hace la videollamada. Somos un gran equipo para ella, porque al ser tan chiquita necesita s\u00ed o s\u00ed el apoyo de los pap\u00e1s<strong>\u201d,<\/strong>\u00a0agreg\u00f3.<\/p>\n<h2 data-start=\"2330\" data-end=\"2384\"><strong data-start=\"2330\" data-end=\"2384\">Equilibrio entre la disciplina y la vida cotidiana<\/strong><\/h2>\n<p data-start=\"2386\" data-end=\"2552\">A pesar de la intensidad del entrenamiento, su entorno busca sostener una rutina acorde a su edad.<strong>\u00a0\u201c<\/strong>Tratamos de que tenga una vida normal de 10 a\u00f1os<strong>\u201d<\/strong>, se\u00f1al\u00f3 su mam\u00e1.<\/p>\n<p data-start=\"2554\" data-end=\"2714\">En ese sentido, la escuela juega un rol fundamental.<strong>\u00a0\u201c<\/strong>Tenemos un gran apoyo de la instituci\u00f3n. Cuando falta, despu\u00e9s le explican y le toman las pruebas\u201d, cont\u00f3. Tambi\u00e9n hay lugar para el juego y la vida social:\u00a0<strong>\u201c<\/strong>Se organiza para jugar con sus amigas. Capaz entrena m\u00e1s tarde y juega antes. Siempre buscamos esos momentos\u201d.<\/p>\n<p data-start=\"2879\" data-end=\"3055\" data-is-last-node=\"\" data-is-only-node=\"\">La constancia es otra de sus caracter\u00edsticas.<strong>\u00a0\u201c<\/strong>Ella misma pide ir a entrenar. En verano se levantaba a las 6 de la ma\u00f1ana para practicar temprano por el calo<strong>r\u201d<\/strong>, concluy\u00f3 Nadia.<\/p>\n<\/section>\n<\/section>\n<\/section>\n<\/section>\n<\/section>\n<\/section>\n","protected":false},"excerpt":{"rendered":"<p>Con apenas 10 a\u00f1os, la peque\u00f1a santafesina se coron\u00f3 a nivel global y se perfila como una gran apuesta en esa disciplina. \u201cEst\u00e1 s\u00faper feliz\u201d, expres\u00f3 su mam\u00e1. Con una actuaci\u00f3n que combin\u00f3 t\u00e9cnica y seguridad, Mar\u00eda P\u00eda Camuglia Yostcerr\u00f3 su rutina con una consagraci\u00f3n que sorprendi\u00f3 por su madurez dentro de la pista. La [&hellip;]<\/p>\n","protected":false},"author":2,"featured_media":9030,"comment_status":"open","ping_status":"open","sticky":false,"template":"","format":"standard","meta":{"footnotes":""},"categories":[76],"tags":[],"class_list":{"0":"post-9029","1":"post","2":"type-post","3":"status-publish","4":"format-standard","5":"has-post-thumbnail","7":"category-deportes"},"_links":{"self":[{"href":"https:\/\/elpueblonoticia.com.ar\/web\/wp-json\/wp\/v2\/posts\/9029","targetHints":{"allow":["GET"]}}],"collection":[{"href":"https:\/\/elpueblonoticia.com.ar\/web\/wp-json\/wp\/v2\/posts"}],"about":[{"href":"https:\/\/elpueblonoticia.com.ar\/web\/wp-json\/wp\/v2\/types\/post"}],"author":[{"embeddable":true,"href":"https:\/\/elpueblonoticia.com.ar\/web\/wp-json\/wp\/v2\/users\/2"}],"replies":[{"embeddable":true,"href":"https:\/\/elpueblonoticia.com.ar\/web\/wp-json\/wp\/v2\/comments?post=9029"}],"version-history":[{"count":1,"href":"https:\/\/elpueblonoticia.com.ar\/web\/wp-json\/wp\/v2\/posts\/9029\/revisions"}],"predecessor-version":[{"id":9031,"href":"https:\/\/elpueblonoticia.com.ar\/web\/wp-json\/wp\/v2\/posts\/9029\/revisions\/9031"}],"wp:featuredmedia":[{"embeddable":true,"href":"https:\/\/elpueblonoticia.com.ar\/web\/wp-json\/wp\/v2\/media\/9030"}],"wp:attachment":[{"href":"https:\/\/elpueblonoticia.com.ar\/web\/wp-json\/wp\/v2\/media?parent=9029"}],"wp:term":[{"taxonomy":"category","embeddable":true,"href":"https:\/\/elpueblonoticia.com.ar\/web\/wp-json\/wp\/v2\/categories?post=9029"},{"taxonomy":"post_tag","embeddable":true,"href":"https:\/\/elpueblonoticia.com.ar\/web\/wp-json\/wp\/v2\/tags?post=9029"}],"curies":[{"name":"wp","href":"https:\/\/api.w.org\/{rel}","templated":true}]}}