{"id":9026,"date":"2026-04-19T15:36:51","date_gmt":"2026-04-19T18:36:51","guid":{"rendered":"https:\/\/elpueblonoticia.com.ar\/web\/?p=9026"},"modified":"2026-04-19T15:36:51","modified_gmt":"2026-04-19T18:36:51","slug":"chavarria-secuestran-mas-de-200-kilos-de-carne-con-tierra-y-pasto-en-una-carniceria","status":"publish","type":"post","link":"https:\/\/elpueblonoticia.com.ar\/web\/2026\/04\/19\/chavarria-secuestran-mas-de-200-kilos-de-carne-con-tierra-y-pasto-en-una-carniceria\/","title":{"rendered":"Chavarr\u00eda: Secuestran m\u00e1s de 200 kilos de carne con tierra y pasto en una carnicer\u00eda"},"content":{"rendered":"<div class=\"xdj266r x14z9mp xat24cr x1lziwak x1vvkbs x126k92a\">\n<div dir=\"auto\">Un operativo de la Unidad Especial de Polic\u00eda Rural y Ecol\u00f3gica de Lavalle deriv\u00f3 en el secuestro de 208 kilos de carne en condiciones irregulares, durante un procedimiento realizado el 17 de abril a las 21:34 en Colonia Cecilio Echevarr\u00eda, departamento de Lavalle.<\/div>\n<div dir=\"auto\"><\/div>\n<div dir=\"auto\"><\/div>\n<\/div>\n<div class=\"x14z9mp xat24cr x1lziwak x1vvkbs xtlvy1s x126k92a\">\n<div dir=\"auto\">Al arribar al lugar, el personal policial entrevist\u00f3 al propietario del local, un hombre de 29 a\u00f1os, quien accedi\u00f3 voluntariamente a exhibir las c\u00e1maras de refrigeraci\u00f3n. All\u00ed se constat\u00f3 la presencia de distintos cortes vacunos sin sellos de frigor\u00edfico, con restos de pasto y tierra, y sin controles bromatol\u00f3gicos ni sanitarios, lo que representa un riesgo para la salud p\u00fablica. Seg\u00fan manifest\u00f3 el comerciante, la carne proven\u00eda de un animal bovino adquirido a un sujeto de la zona.<\/div>\n<div><\/div>\n<div dir=\"auto\">Por disposici\u00f3n de la Fiscal\u00eda Rural y Ambiental, a cargo del Dr. Juan Omar C\u00e1ceres, se procedi\u00f3 al secuestro preventivo de la mercader\u00eda y al inicio de actuaciones de oficio por supuesta infracci\u00f3n al art\u00edculo 206 del C\u00f3digo Penal Argentino. El decomiso incluy\u00f3 costillares, cuartos, paletas, espinazo y otros cortes, totalizando 208 kilos. Tras la intervenci\u00f3n del m\u00e9dico veterinario policial, se dispuso la desnaturalizaci\u00f3n del producto mediante incineraci\u00f3n. No se registraron personas detenidas en el procedimiento.<\/div>\n<\/div>\n","protected":false},"excerpt":{"rendered":"<p>Un operativo de la Unidad Especial de Polic\u00eda Rural y Ecol\u00f3gica de Lavalle deriv\u00f3 en el secuestro de 208 kilos de carne en condiciones irregulares, durante un procedimiento realizado el 17 de abril a las 21:34 en Colonia Cecilio Echevarr\u00eda, departamento de Lavalle. Al arribar al lugar, el personal policial entrevist\u00f3 al propietario del local, [&hellip;]<\/p>\n","protected":false},"author":2,"featured_media":9027,"comment_status":"open","ping_status":"open","sticky":false,"template":"","format":"standard","meta":{"footnotes":""},"categories":[68],"tags":[],"class_list":{"0":"post-9026","1":"post","2":"type-post","3":"status-publish","4":"format-standard","5":"has-post-thumbnail","7":"category-policiales-nacionales"},"_links":{"self":[{"href":"https:\/\/elpueblonoticia.com.ar\/web\/wp-json\/wp\/v2\/posts\/9026","targetHints":{"allow":["GET"]}}],"collection":[{"href":"https:\/\/elpueblonoticia.com.ar\/web\/wp-json\/wp\/v2\/posts"}],"about":[{"href":"https:\/\/elpueblonoticia.com.ar\/web\/wp-json\/wp\/v2\/types\/post"}],"author":[{"embeddable":true,"href":"https:\/\/elpueblonoticia.com.ar\/web\/wp-json\/wp\/v2\/users\/2"}],"replies":[{"embeddable":true,"href":"https:\/\/elpueblonoticia.com.ar\/web\/wp-json\/wp\/v2\/comments?post=9026"}],"version-history":[{"count":1,"href":"https:\/\/elpueblonoticia.com.ar\/web\/wp-json\/wp\/v2\/posts\/9026\/revisions"}],"predecessor-version":[{"id":9028,"href":"https:\/\/elpueblonoticia.com.ar\/web\/wp-json\/wp\/v2\/posts\/9026\/revisions\/9028"}],"wp:featuredmedia":[{"embeddable":true,"href":"https:\/\/elpueblonoticia.com.ar\/web\/wp-json\/wp\/v2\/media\/9027"}],"wp:attachment":[{"href":"https:\/\/elpueblonoticia.com.ar\/web\/wp-json\/wp\/v2\/media?parent=9026"}],"wp:term":[{"taxonomy":"category","embeddable":true,"href":"https:\/\/elpueblonoticia.com.ar\/web\/wp-json\/wp\/v2\/categories?post=9026"},{"taxonomy":"post_tag","embeddable":true,"href":"https:\/\/elpueblonoticia.com.ar\/web\/wp-json\/wp\/v2\/tags?post=9026"}],"curies":[{"name":"wp","href":"https:\/\/api.w.org\/{rel}","templated":true}]}}