{"id":9020,"date":"2026-04-18T12:44:59","date_gmt":"2026-04-18T15:44:59","guid":{"rendered":"https:\/\/elpueblonoticia.com.ar\/web\/?p=9020"},"modified":"2026-04-18T12:44:59","modified_gmt":"2026-04-18T15:44:59","slug":"goya-prefectura-y-policia-federal-en-multiples-allanamientos-por-droga","status":"publish","type":"post","link":"https:\/\/elpueblonoticia.com.ar\/web\/2026\/04\/18\/goya-prefectura-y-policia-federal-en-multiples-allanamientos-por-droga\/","title":{"rendered":"Goya: Prefectura y Polic\u00eda Federal en m\u00faltiples allanamientos por droga"},"content":{"rendered":"<p>Doce allanamientos simult\u00e1neos por narcotr\u00e1fico realizados en Goya por la Polic\u00eda Federal y Prefectura Naval<\/p>\n<p>Todos los procedimientos se desarrollaron este viernes desde las 7 de ma\u00f1ana hasta entrada la tarde, trascendi\u00f3 que pudo haber otros operativos de las fuerzas federales en Lavalle, municipio cercano a Goya. Todo, ordenado por la jueza federal de la segunda ciudad de la provincia.<\/p>\n<p>Un viernes agitado en diferentes puntos de la ciudad de Goya. Sendas comisiones de la Polic\u00eda Federal y la Prefectura Naval, en simult\u00e1neo, ejecutaron procedimientos antidrogas en barriadas de la segunda ciudad de la provincia.<\/p>\n<p>Doce allanamientos por parte de esas fuerzas de seguridad ordenados por la jueza federal de Goya, empezaron desde las 7 de la ma\u00f1ana hasta entrada la tarde de ayer.<\/p>\n<p>Todav\u00eda no hay informaci\u00f3n oficial, pero se sabe que hay arrestos y decomisos, en su gran mayor\u00eda, se trata de kioscos dedicados a la venta en menor escala de estupefacientes. Coca\u00edna y marihuana.<\/p>\n","protected":false},"excerpt":{"rendered":"<p>Doce allanamientos simult\u00e1neos por narcotr\u00e1fico realizados en Goya por la Polic\u00eda Federal y Prefectura Naval Todos los procedimientos se desarrollaron este viernes desde las 7 de ma\u00f1ana hasta entrada la tarde, trascendi\u00f3 que pudo haber otros operativos de las fuerzas federales en Lavalle, municipio cercano a Goya. Todo, ordenado por la jueza federal de la [&hellip;]<\/p>\n","protected":false},"author":2,"featured_media":9021,"comment_status":"open","ping_status":"open","sticky":false,"template":"","format":"standard","meta":{"footnotes":""},"categories":[68],"tags":[],"class_list":{"0":"post-9020","1":"post","2":"type-post","3":"status-publish","4":"format-standard","5":"has-post-thumbnail","7":"category-policiales-nacionales"},"_links":{"self":[{"href":"https:\/\/elpueblonoticia.com.ar\/web\/wp-json\/wp\/v2\/posts\/9020","targetHints":{"allow":["GET"]}}],"collection":[{"href":"https:\/\/elpueblonoticia.com.ar\/web\/wp-json\/wp\/v2\/posts"}],"about":[{"href":"https:\/\/elpueblonoticia.com.ar\/web\/wp-json\/wp\/v2\/types\/post"}],"author":[{"embeddable":true,"href":"https:\/\/elpueblonoticia.com.ar\/web\/wp-json\/wp\/v2\/users\/2"}],"replies":[{"embeddable":true,"href":"https:\/\/elpueblonoticia.com.ar\/web\/wp-json\/wp\/v2\/comments?post=9020"}],"version-history":[{"count":1,"href":"https:\/\/elpueblonoticia.com.ar\/web\/wp-json\/wp\/v2\/posts\/9020\/revisions"}],"predecessor-version":[{"id":9022,"href":"https:\/\/elpueblonoticia.com.ar\/web\/wp-json\/wp\/v2\/posts\/9020\/revisions\/9022"}],"wp:featuredmedia":[{"embeddable":true,"href":"https:\/\/elpueblonoticia.com.ar\/web\/wp-json\/wp\/v2\/media\/9021"}],"wp:attachment":[{"href":"https:\/\/elpueblonoticia.com.ar\/web\/wp-json\/wp\/v2\/media?parent=9020"}],"wp:term":[{"taxonomy":"category","embeddable":true,"href":"https:\/\/elpueblonoticia.com.ar\/web\/wp-json\/wp\/v2\/categories?post=9020"},{"taxonomy":"post_tag","embeddable":true,"href":"https:\/\/elpueblonoticia.com.ar\/web\/wp-json\/wp\/v2\/tags?post=9020"}],"curies":[{"name":"wp","href":"https:\/\/api.w.org\/{rel}","templated":true}]}}