{"id":9014,"date":"2026-04-18T12:26:14","date_gmt":"2026-04-18T15:26:14","guid":{"rendered":"https:\/\/elpueblonoticia.com.ar\/web\/?p=9014"},"modified":"2026-04-18T12:26:14","modified_gmt":"2026-04-18T15:26:14","slug":"san-isidro-la-lluvia-anego-caminos-rurales-y-dejo-varios-parajes-aislados","status":"publish","type":"post","link":"https:\/\/elpueblonoticia.com.ar\/web\/2026\/04\/18\/san-isidro-la-lluvia-anego-caminos-rurales-y-dejo-varios-parajes-aislados\/","title":{"rendered":"San Isidro: La lluvia aneg\u00f3 caminos rurales y dej\u00f3 varios parajes aislados"},"content":{"rendered":"<p>La intendente de San Isidro, Goya, Vilma Ojeda realiz\u00f3 realiz\u00f3 hoy un v\u00eddeo llamando a la solidaridad con los parajes que quedaron aislados tras el temporal del pasado martes y mi\u00e9rcoles en dicha localidad. Llam\u00f3 tambi\u00e9n a no transitar los caminos rurales ya que se encuentran abnegados, especialmente el &#8220;Paso Fanega&#8221; en la zona del r\u00edo Corrientes donde un puente corre peligro de derrumbe.<\/p>\n<p>&nbsp;<\/p>\n<p>Asimismo, la jefa comunal comunic\u00f3 que convocar\u00e1 al Concejo Deliberante a una sesi\u00f3n extraordinaria para trata la emergencia ocasiona en el marco de las inundaciones.<\/p>\n<p>En este momento Vilma Ojeda se encuentra reunida con el director del hospital zonal de Goya para coordinar asistencia a las personas con enfermedades y de alto riesgo afectadas por las inclemencias del clima.<\/p>\n<p><strong>GRAN OPERATIVO DE ASISTENCIA<\/strong><\/p>\n<p>Durante la madrugada del martes y toda la jornada del mi\u00e9rcoles y el jueves inclusive, el Municipio dedic\u00f3 todos sus recursos en asistir a las familias inundadas y destapar desag\u00fces colapsados. Asimismo se le provey\u00f3 a los evacuados con elementos de primera necesidad y m\u00f3dulos alimentarios y se activ\u00f3 un protocolo de emergencia civil en los 18 parajes de la comuna.<\/p>\n<p>La intendenta Ojeda encabez\u00f3 dichos operativos y durante la noche del mi\u00e9rcoles recibi\u00f3 en su despacho al ministro de Desarrollo Social de la Provincia, Jos\u00e9 Irigoyen y junto y algunos concejales analizaron la situaci\u00f3n y los pasos a seguir. No obstante Ojeda advirti\u00f3 en ese entonces y volvi\u00f3 a reiterarlo hoy que los recursos del Municipio son escasos y que necesitan todo el apoyo posible para hacer frente a la emergencia que los afecta gravemente.<\/p>\n","protected":false},"excerpt":{"rendered":"<p>La intendente de San Isidro, Goya, Vilma Ojeda realiz\u00f3 realiz\u00f3 hoy un v\u00eddeo llamando a la solidaridad con los parajes que quedaron aislados tras el temporal del pasado martes y mi\u00e9rcoles en dicha localidad. Llam\u00f3 tambi\u00e9n a no transitar los caminos rurales ya que se encuentran abnegados, especialmente el &#8220;Paso Fanega&#8221; en la zona del [&hellip;]<\/p>\n","protected":false},"author":2,"featured_media":9015,"comment_status":"open","ping_status":"open","sticky":false,"template":"","format":"standard","meta":{"footnotes":""},"categories":[56],"tags":[],"class_list":{"0":"post-9014","1":"post","2":"type-post","3":"status-publish","4":"format-standard","5":"has-post-thumbnail","7":"category-locales"},"_links":{"self":[{"href":"https:\/\/elpueblonoticia.com.ar\/web\/wp-json\/wp\/v2\/posts\/9014","targetHints":{"allow":["GET"]}}],"collection":[{"href":"https:\/\/elpueblonoticia.com.ar\/web\/wp-json\/wp\/v2\/posts"}],"about":[{"href":"https:\/\/elpueblonoticia.com.ar\/web\/wp-json\/wp\/v2\/types\/post"}],"author":[{"embeddable":true,"href":"https:\/\/elpueblonoticia.com.ar\/web\/wp-json\/wp\/v2\/users\/2"}],"replies":[{"embeddable":true,"href":"https:\/\/elpueblonoticia.com.ar\/web\/wp-json\/wp\/v2\/comments?post=9014"}],"version-history":[{"count":1,"href":"https:\/\/elpueblonoticia.com.ar\/web\/wp-json\/wp\/v2\/posts\/9014\/revisions"}],"predecessor-version":[{"id":9016,"href":"https:\/\/elpueblonoticia.com.ar\/web\/wp-json\/wp\/v2\/posts\/9014\/revisions\/9016"}],"wp:featuredmedia":[{"embeddable":true,"href":"https:\/\/elpueblonoticia.com.ar\/web\/wp-json\/wp\/v2\/media\/9015"}],"wp:attachment":[{"href":"https:\/\/elpueblonoticia.com.ar\/web\/wp-json\/wp\/v2\/media?parent=9014"}],"wp:term":[{"taxonomy":"category","embeddable":true,"href":"https:\/\/elpueblonoticia.com.ar\/web\/wp-json\/wp\/v2\/categories?post=9014"},{"taxonomy":"post_tag","embeddable":true,"href":"https:\/\/elpueblonoticia.com.ar\/web\/wp-json\/wp\/v2\/tags?post=9014"}],"curies":[{"name":"wp","href":"https:\/\/api.w.org\/{rel}","templated":true}]}}